{"id":12258,"date":"2024-10-28T11:29:22","date_gmt":"2024-10-28T11:29:22","guid":{"rendered":"https:\/\/ladepeche.mr\/?p=12258"},"modified":"2024-10-28T11:29:22","modified_gmt":"2024-10-28T11:29:22","slug":"le-sommet-des-brics-adopte-une-declaration-finale-avec-des-objectifs-a-long-terme","status":"publish","type":"post","link":"https:\/\/ladepeche.mr\/?p=12258","title":{"rendered":"Le sommet des BRICS adopte une d\u00e9claration finale avec des objectifs \u00e0 long terme"},"content":{"rendered":"<div class=\"chapo\">\n<p>Du 22 au 24 octobre, le 16e sommet des BRICS a accueilli les principaux acteurs du nouvel ordre \u00e9conomique mondial du 21e si\u00e8cle. Ce sommet \u00e9tait sous la pr\u00e9sidence de la Russie. Il s\u2019est d\u00e9roul\u00e9 \u00e0 Kazan. Dans sa d\u00e9claration finale, le 16e sommet des BRICS demande notamment une meilleure repr\u00e9sentativit\u00e9 des pays en d\u00e9veloppement, notamment l\u2019Afrique dans des institutions internationales telles que le Conseil de s\u00e9curit\u00e9 de l\u2019ONU, le FMI, la Banque mondiale et l\u2019Organisation mondiale du Commerce.<\/p>\n<\/div>\n<div class=\"texte\">\n<p>Le sommet des BRICS a adopt\u00e9 une d\u00e9claration finale qui contient des \u00e9valuations g\u00e9n\u00e9rales de la situation mondiale, ainsi que des objectifs \u00e0 long terme, a d\u00e9clar\u00e9 mercredi le pr\u00e9sident russe Vladimir Poutine.<br \/>\n\u00ab Nous avons pr\u00e9par\u00e9 une d\u00e9claration finale, qui contient des \u00e9valuations g\u00e9n\u00e9rales de la situation mondiale, r\u00e9sume les r\u00e9sultats de la pr\u00e9sidence russe des BRICS et d\u00e9finit les lignes directrices de la coop\u00e9ration \u00e0 long terme\u2026 Je voudrais souligner que nous pr\u00e9voyons de la distribuer \u00e0 l\u2019ONU en tant que notre document commun \u00bb, a d\u00e9clar\u00e9 Vladimir Poutine lors d\u2019une r\u00e9union \u00e9largie des BRICS.<br \/>\nDans leur d\u00e9claration finale, les BRICS, entre autres :<br \/>\n&#8211; ont d\u00e9clar\u00e9 l\u2019importance d\u2019\u00e9largir la coop\u00e9ration sur la base d\u2019int\u00e9r\u00eats communs et de d\u00e9velopper davantage le partenariat strat\u00e9gique.<br \/>\n&#8211; ont rappel\u00e9 leurs positions nationales sur la situation en Ukraine et dans son voisinage.<br \/>\n&#8211; ont exprim\u00e9 leur inqui\u00e9tude quant \u00e0 l\u2019impact n\u00e9gatif des sanctions ill\u00e9gales sur l\u2019\u00e9conomie mondiale.<br \/>\n&#8211; ont appel\u00e9 \u00e0 une plus grande participation des pays les moins d\u00e9velopp\u00e9s, en particulier en Afrique, aux processus mondiaux. ont salu\u00e9 le vif int\u00e9r\u00eat du Sud global \u00e0 se rassembler.<br \/>\n&#8211; ont pris note des propositions de m\u00e9diation pour une r\u00e9solution pacifique du conflit ukrainien par le dialogue.<br \/>\n&#8211; ont exprim\u00e9 leur inqui\u00e9tude face \u00e0 l\u2019escalade de la violence et \u00e0 l\u2019aggravation de la crise humanitaire au Soudan, et a appel\u00e9 \u00e0 un cessez-le-feu.<br \/>\n&#8211; ont r\u00e9affirm\u00e9 leur engagement en faveur du multilat\u00e9ralisme et du maintien du r\u00f4le central des Nations Unies dans le syst\u00e8me international.<br \/>\n&#8211; ont soulign\u00e9 l\u2019importance de poursuivre la mise en \u0153uvre de la Strat\u00e9gie de partenariat \u00e9conomique 2025 sur tous les fronts.<br \/>\n&#8211; ont r\u00e9affirm\u00e9 leur soutien \u00e0 une r\u00e9forme globale de l\u2019ONU, y compris du Conseil de s\u00e9curit\u00e9, pour le rendre plus repr\u00e9sentatif.<br \/>\n&#8211; ont salu\u00e9 l\u2019utilisation des monnaies nationales dans les transactions financi\u00e8res entre les \u00c9tats membres du bloc et leurs partenaires commerciaux.<br \/>\n&#8211; ont fait part de leur opposition \u00e0 des mesures unilat\u00e9rales impos\u00e9es sous pr\u00e9texte de lutter contre le changement climatique.<br \/>\n&#8211; ont condamn\u00e9 les attaques contre le personnel de l\u2019ONU et les menaces \u00e0 sa s\u00e9curit\u00e9, et ont appel\u00e9 Isra\u00ebl \u00e0 cesser imm\u00e9diatement de telles actions.<br \/>\n&#8211; ont salu\u00e9 la cr\u00e9ation d\u2019un Conseil pr\u00e9sidentiel int\u00e9rimaire pour Ha\u00efti et la cr\u00e9ation d\u2019un Conseil \u00e9lectoral pour r\u00e9soudre la crise.<br \/>\n&#8211; ont r\u00e9affirm\u00e9 la d\u00e9cision de prendre des mesures en faveur de la r\u00e9forme de l\u2019OMC.<\/p>\n<p>Les BRICS ont appel\u00e9 \u00e0 une r\u00e9forme des institutions de Bretton Woods, en tenant compte de la repr\u00e9sentation accrue des pays en d\u00e9veloppement.<\/p>\n<p>Les BRICS sont une organisation intergouvernementale cr\u00e9\u00e9e en 2006. La Russie a pris la pr\u00e9sidence tournante des BRICS le 1er janvier. L\u2019ann\u00e9e a commenc\u00e9 avec l\u2019adh\u00e9sion de nouveaux membres \u00e0 l\u2019organisation \u2014 en plus de la Russie, du Br\u00e9sil, de l\u2019Inde, de la Chine et de l\u2019Afrique du Sud, elle comprend d\u00e9sormais l\u2019\u00c9gypte, l\u2019\u00c9thiopie, l\u2019Iran et les \u00c9mirats arabes unis, selon le site Internet de la pr\u00e9sidence russe des BRICS 2024. L\u2019Arabie saoudite n\u2019aurait pas encore officialis\u00e9 sa participation mais prend part aux r\u00e9unions des BRICS.<\/p>\n<p>https:\/\/www.temoignages.re\/international\/monde\/le-sommet-des-brics-adopte-une-declaration-finale-avec-des-objectifs-a-long-terme<\/p>\n<\/div>\n","protected":false},"excerpt":{"rendered":"<p>Du 22 au 24 octobre, le 16e sommet des BRICS a accueilli les principaux acteurs du nouvel ordre \u00e9conomique mondial du 21e si\u00e8cle. Ce sommet \u00e9tait sous la pr\u00e9sidence de la Russie. Il s\u2019est d\u00e9roul\u00e9 \u00e0 Kazan. Dans sa d\u00e9claration finale, le 16e sommet des BRICS demande notamment une meilleure repr\u00e9sentativit\u00e9 des pays en d\u00e9veloppement, &hellip;<\/p>\n","protected":false},"author":2,"featured_media":12259,"comment_status":"open","ping_status":"open","sticky":false,"template":"","format":"standard","meta":{"footnotes":""},"categories":[18,29],"tags":[],"class_list":["post-12258","post","type-post","status-publish","format-standard","has-post-thumbnail","hentry","category-actualites","category-monde"],"_links":{"self":[{"href":"https:\/\/ladepeche.mr\/index.php?rest_route=\/wp\/v2\/posts\/12258","targetHints":{"allow":["GET"]}}],"collection":[{"href":"https:\/\/ladepeche.mr\/index.php?rest_route=\/wp\/v2\/posts"}],"about":[{"href":"https:\/\/ladepeche.mr\/index.php?rest_route=\/wp\/v2\/types\/post"}],"author":[{"embeddable":true,"href":"https:\/\/ladepeche.mr\/index.php?rest_route=\/wp\/v2\/users\/2"}],"replies":[{"embeddable":true,"href":"https:\/\/ladepeche.mr\/index.php?rest_route=%2Fwp%2Fv2%2Fcomments&post=12258"}],"version-history":[{"count":1,"href":"https:\/\/ladepeche.mr\/index.php?rest_route=\/wp\/v2\/posts\/12258\/revisions"}],"predecessor-version":[{"id":12260,"href":"https:\/\/ladepeche.mr\/index.php?rest_route=\/wp\/v2\/posts\/12258\/revisions\/12260"}],"wp:featuredmedia":[{"embeddable":true,"href":"https:\/\/ladepeche.mr\/index.php?rest_route=\/wp\/v2\/media\/12259"}],"wp:attachment":[{"href":"https:\/\/ladepeche.mr\/index.php?rest_route=%2Fwp%2Fv2%2Fmedia&parent=12258"}],"wp:term":[{"taxonomy":"category","embeddable":true,"href":"https:\/\/ladepeche.mr\/index.php?rest_route=%2Fwp%2Fv2%2Fcategories&post=12258"},{"taxonomy":"post_tag","embeddable":true,"href":"https:\/\/ladepeche.mr\/index.php?rest_route=%2Fwp%2Fv2%2Ftags&post=12258"}],"curies":[{"name":"wp","href":"https:\/\/api.w.org\/{rel}","templated":true}]}}