{"id":1226,"date":"2022-07-25T14:21:50","date_gmt":"2022-07-25T14:21:50","guid":{"rendered":"https:\/\/ladepeche.mr\/?p=1226"},"modified":"2022-07-25T14:21:50","modified_gmt":"2022-07-25T14:21:50","slug":"ghana-une-epidemie-de-la-maladie-du-virus-de-marburg-declaree-dans-le-pays","status":"publish","type":"post","link":"https:\/\/ladepeche.mr\/?p=1226","title":{"rendered":"Ghana : une \u00e9pid\u00e9mie de la maladie du virus de Marburg d\u00e9clar\u00e9e dans le pays"},"content":{"rendered":"<p class=\"texte textearticle\"><strong>Apr\u00e8s s\u2019\u00eatre manifest\u00e9 en Angola, en RDC, au Kenya, en Afrique du Sud et en Ouganda, le virus de la variole du singe, appel\u00e9 virus de Marburg, continue de s\u2019\u00e9tendre en Afrique. D\u2019apr\u00e8s l\u2019OMS, deux cas ont \u00e9t\u00e9 identifi\u00e9s au Ghana.<\/strong><\/p>\n<p class=\"texte textearticle\">Le Ghana fait face \u00e0 une \u00e9pid\u00e9mie de la maladie du virus de Marburg. L\u2019information a \u00e9t\u00e9 rendue publique par l&#8217;Organisation mondiale de la sant\u00e9 (OMS) via un\u00a0<a href=\"https:\/\/www.afro.who.int\/countries\/ghana\/news\/ghana-declares-first-ever-outbreak-marburg-virus-disease-0\">communiqu\u00e9 de presse<\/a>\u00a0publi\u00e9 le dimanche 17 juillet.<\/p>\n<p class=\"texte textearticle\">D\u2019apr\u00e8s l\u2019OMS, deux patients de la r\u00e9gion Ashanti au sud du pays, sans lien de parent\u00e9, sont d\u00e9c\u00e9d\u00e9s apr\u00e8s avoir manifest\u00e9 des sympt\u00f4mes de la maladie. Des tests effectu\u00e9s par l\u2019Institut Pasteur de Dakar sur des \u00e9chantillons de chacun d\u2019eux ont confirm\u00e9 cette th\u00e8se.<\/p>\n<p class=\"texte textearticle\">\u00ab\u00a0<em>Le premier cas est un homme de 26 ans qui s&#8217;est pr\u00e9sent\u00e9 \u00e0 l&#8217;h\u00f4pital le 26 juin, et est d\u00e9c\u00e9d\u00e9 le lendemain. Le second est un homme de 51 ans qui s&#8217;est pr\u00e9sent\u00e9 \u00e0 l&#8217;h\u00f4pital le 28 juin et est d\u00e9c\u00e9d\u00e9 le m\u00eame jour. Les deux cas ont \u00e9t\u00e9 trait\u00e9s dans le m\u00eame h\u00f4pital\u00a0<\/em>\u00bb, explique la note d\u2019information.<\/p>\n<p class=\"texte textearticle\">Elle pr\u00e9cise que plusieurs mesures ont \u00e9t\u00e9 mises en place afin de contenir l\u2019\u00e9pid\u00e9mie. \u00ab\u00a0<em>Plus de 90 contacts, dont des agents de sant\u00e9 et des membres de la communaut\u00e9, ont \u00e9t\u00e9 identifi\u00e9s et font l&#8217;objet d&#8217;un suivi<\/em>\u00a0\u00bb. Les pays voisins consid\u00e9r\u00e9s comme \u00e9tant\u00a0<em>\u00ab\u00a0\u00e0 haut risque\u00a0\u00bb\u00a0<\/em>ont \u00e9t\u00e9 inform\u00e9s par l\u2019institution onusienne, et sont en \u00e9tat d&#8217;alerte. Sur le continent africain, la maladie s\u2019est d\u00e9j\u00e0 manifest\u00e9e en Angola, en RDC, au Kenya, en Afrique du Sud et en Ouganda.<\/p>\n<p class=\"texte textearticle\">Notons que la C\u00f4te d\u2019Ivoire a annonc\u00e9 une conf\u00e9rence de presse concernant la maladie, ce mardi 19 juillet. Le ministre de la Sant\u00e9, Pierre Dimba, devrait y annoncer la reconduction de l\u2019\u00e9tat d\u2019urgence pour une p\u00e9riode de trois mois et le renforcement de la surveillance \u00e9pid\u00e9miologique des maladies \u00e0 potentiel \u00e9pid\u00e9mique.<\/p>\n<p class=\"texte textearticle\"><strong><em>Jean-Marc Gogbeu (agence\u00e9cofin.com)<\/em><\/strong><\/p>\n","protected":false},"excerpt":{"rendered":"<p>Apr\u00e8s s\u2019\u00eatre manifest\u00e9 en Angola, en RDC, au Kenya, en Afrique du Sud et en Ouganda, le virus de la variole du singe, appel\u00e9 virus de Marburg, continue de s\u2019\u00e9tendre en Afrique. D\u2019apr\u00e8s l\u2019OMS, deux cas ont \u00e9t\u00e9 identifi\u00e9s au Ghana. Le Ghana fait face \u00e0 une \u00e9pid\u00e9mie de la maladie du virus de Marburg. &hellip;<\/p>\n","protected":false},"author":2,"featured_media":1227,"comment_status":"open","ping_status":"open","sticky":false,"template":"","format":"standard","meta":{"footnotes":""},"categories":[18,29,27],"tags":[],"class_list":["post-1226","post","type-post","status-publish","format-standard","has-post-thumbnail","hentry","category-actualites","category-monde","category-sante"],"_links":{"self":[{"href":"https:\/\/ladepeche.mr\/index.php?rest_route=\/wp\/v2\/posts\/1226","targetHints":{"allow":["GET"]}}],"collection":[{"href":"https:\/\/ladepeche.mr\/index.php?rest_route=\/wp\/v2\/posts"}],"about":[{"href":"https:\/\/ladepeche.mr\/index.php?rest_route=\/wp\/v2\/types\/post"}],"author":[{"embeddable":true,"href":"https:\/\/ladepeche.mr\/index.php?rest_route=\/wp\/v2\/users\/2"}],"replies":[{"embeddable":true,"href":"https:\/\/ladepeche.mr\/index.php?rest_route=%2Fwp%2Fv2%2Fcomments&post=1226"}],"version-history":[{"count":1,"href":"https:\/\/ladepeche.mr\/index.php?rest_route=\/wp\/v2\/posts\/1226\/revisions"}],"predecessor-version":[{"id":1228,"href":"https:\/\/ladepeche.mr\/index.php?rest_route=\/wp\/v2\/posts\/1226\/revisions\/1228"}],"wp:featuredmedia":[{"embeddable":true,"href":"https:\/\/ladepeche.mr\/index.php?rest_route=\/wp\/v2\/media\/1227"}],"wp:attachment":[{"href":"https:\/\/ladepeche.mr\/index.php?rest_route=%2Fwp%2Fv2%2Fmedia&parent=1226"}],"wp:term":[{"taxonomy":"category","embeddable":true,"href":"https:\/\/ladepeche.mr\/index.php?rest_route=%2Fwp%2Fv2%2Fcategories&post=1226"},{"taxonomy":"post_tag","embeddable":true,"href":"https:\/\/ladepeche.mr\/index.php?rest_route=%2Fwp%2Fv2%2Ftags&post=1226"}],"curies":[{"name":"wp","href":"https:\/\/api.w.org\/{rel}","templated":true}]}}