{"id":12261,"date":"2024-10-28T12:21:34","date_gmt":"2024-10-28T12:21:34","guid":{"rendered":"https:\/\/ladepeche.mr\/?p=12261"},"modified":"2024-10-28T12:21:34","modified_gmt":"2024-10-28T12:21:34","slug":"mauritanie-bid-accelerer-le-cadre-de-partenariat-strategique-2024-2026-1-milliard-usd","status":"publish","type":"post","link":"https:\/\/ladepeche.mr\/?p=12261","title":{"rendered":"Mauritanie-BID\u00a0: Acc\u00e9l\u00e9rer le cadre de partenariat strat\u00e9gique 2024-2026 (1 milliard Usd)"},"content":{"rendered":"<p>La d\u00e9l\u00e9gation mauritanienne participant aux assises annuelles des institutions de Bretton Woods, et comprenant le ministre de l\u2019\u00e9conomie et des finances, Sid\u2019Ahmed Ould Bouh, ainsi que le Gouverneur de la Banque Centrale de Mauritanie, Dr Mohamed Lemine Ould Dhehbi, s\u2019est entretenue dimanche, avec le pr\u00e9sident du Groupe de la Banque Islamique de D\u00e9veloppement, Mohamed Ben Salmane El Jasser.<\/p>\n<p>La Banque Islamique de D\u00e9veloppement finance un portefeuille de projets diversifi\u00e9 en Mauritanie. En 2023, ce portefeuille englobait 13 projets pour une enveloppe de 267 millions de dollars am\u00e9ricains, couvrant les secteurs d\u2019eau, d\u2019\u00e9nergie, des routes, d\u2019\u00e9ducation, d\u2019agriculture, de la sant\u00e9 et des services sociaux.<\/p>\n<p>Un nouveau cadre de partenariat strat\u00e9gique entre les deux parties en 2023 avait \u00e9t\u00e9 sign\u00e9 \u00e0 l\u2019occasion de la visite effectu\u00e9e en Mauritanie par le pr\u00e9sident du Groupe de la BID.<\/p>\n<p>Dans ce nouveau document cadre de financement 2024-2026 promis par la Banque Islamique de D\u00e9veloppement l\u2019enveloppe consacr\u00e9e au financement de projets en Mauritanie devrait d\u00e9passer 1 milliard de dollars am\u00e9ricains.<\/p>\n<p>Les financements arr\u00eat\u00e9s en commun accord par les deux parties se r\u00e9partiraient en financement direct de projets de d\u00e9veloppement pour une valeur de 330 millions de dollars alors que 670 millions de financement seront apport\u00e9s par les institutions financi\u00e8res affili\u00e9es au Groupe de la BID.<\/p>\n","protected":false},"excerpt":{"rendered":"<p>La d\u00e9l\u00e9gation mauritanienne participant aux assises annuelles des institutions de Bretton Woods, et comprenant le ministre de l\u2019\u00e9conomie et des finances, Sid\u2019Ahmed Ould Bouh, ainsi que le Gouverneur de la Banque Centrale de Mauritanie, Dr Mohamed Lemine Ould Dhehbi, s\u2019est entretenue dimanche, avec le pr\u00e9sident du Groupe de la Banque Islamique de D\u00e9veloppement, Mohamed Ben &hellip;<\/p>\n","protected":false},"author":2,"featured_media":12256,"comment_status":"open","ping_status":"open","sticky":false,"template":"","format":"standard","meta":{"footnotes":""},"categories":[18,2],"tags":[],"class_list":["post-12261","post","type-post","status-publish","format-standard","has-post-thumbnail","hentry","category-actualites","category-economie"],"_links":{"self":[{"href":"https:\/\/ladepeche.mr\/index.php?rest_route=\/wp\/v2\/posts\/12261","targetHints":{"allow":["GET"]}}],"collection":[{"href":"https:\/\/ladepeche.mr\/index.php?rest_route=\/wp\/v2\/posts"}],"about":[{"href":"https:\/\/ladepeche.mr\/index.php?rest_route=\/wp\/v2\/types\/post"}],"author":[{"embeddable":true,"href":"https:\/\/ladepeche.mr\/index.php?rest_route=\/wp\/v2\/users\/2"}],"replies":[{"embeddable":true,"href":"https:\/\/ladepeche.mr\/index.php?rest_route=%2Fwp%2Fv2%2Fcomments&post=12261"}],"version-history":[{"count":1,"href":"https:\/\/ladepeche.mr\/index.php?rest_route=\/wp\/v2\/posts\/12261\/revisions"}],"predecessor-version":[{"id":12262,"href":"https:\/\/ladepeche.mr\/index.php?rest_route=\/wp\/v2\/posts\/12261\/revisions\/12262"}],"wp:featuredmedia":[{"embeddable":true,"href":"https:\/\/ladepeche.mr\/index.php?rest_route=\/wp\/v2\/media\/12256"}],"wp:attachment":[{"href":"https:\/\/ladepeche.mr\/index.php?rest_route=%2Fwp%2Fv2%2Fmedia&parent=12261"}],"wp:term":[{"taxonomy":"category","embeddable":true,"href":"https:\/\/ladepeche.mr\/index.php?rest_route=%2Fwp%2Fv2%2Fcategories&post=12261"},{"taxonomy":"post_tag","embeddable":true,"href":"https:\/\/ladepeche.mr\/index.php?rest_route=%2Fwp%2Fv2%2Ftags&post=12261"}],"curies":[{"name":"wp","href":"https:\/\/api.w.org\/{rel}","templated":true}]}}