{"id":12266,"date":"2024-10-28T20:44:39","date_gmt":"2024-10-28T20:44:39","guid":{"rendered":"https:\/\/ladepeche.mr\/?p=12266"},"modified":"2024-10-28T20:44:39","modified_gmt":"2024-10-28T20:44:39","slug":"lafrique-du-sud-soumet-de-nouvelles-preuves-aupres-de-la-cij-dans-la-plainte-contre-israel-pour-crime-de-genocide","status":"publish","type":"post","link":"https:\/\/ladepeche.mr\/?p=12266","title":{"rendered":"L&#8217;Afrique du Sud soumet de nouvelles preuves aupr\u00e8s de la CIJ dans la plainte contre Isra\u00ebl pour crime de g\u00e9nocide"},"content":{"rendered":"<h4>&#8211; Les preuves d\u00e9montrent qu&#8217;Isra\u00ebl use de la famine comme arme de guerre dans le but de d\u00e9peupler Gaza par la mort et le d\u00e9placement forc\u00e9 des Palestiniens, pr\u00e9cise le pr\u00e9sident sud-africain, Cyril Ramaphosa<\/h4>\n<div class=\"row\">\n<p>L&#8217;Afrique du Sud a d\u00e9pos\u00e9, lundi, de nouvelles preuves aupr\u00e8s de la Cour internationale de justice (CIJ) pour \u00e9tayer ses accusations de g\u00e9nocide commis par Isra\u00ebl dans l&#8217;enclave palestinienne assi\u00e9g\u00e9e de Gaza.<\/p>\n<p>&#8220;Le m\u00e9moire, comme on l&#8217;appelle en langage juridique, comprend de nouvelles preuves attestant de la violation par Isra\u00ebl de la Convention sur le g\u00e9nocide, notamment en encourageant la destruction des Palestiniens de Gaza, en les \u00e9liminant physiquement \u00e0 l&#8217;aide d&#8217;une vari\u00e9t\u00e9 d&#8217;armes destructrices et en les privant de l&#8217;acc\u00e8s \u00e0 l&#8217;aide humanitaire&#8221;, a d\u00e9clar\u00e9 le pr\u00e9sident sud-africain, Cyril Ramaphosa.<\/p>\n<p>Les preuves r\u00e9v\u00e8lent que les actions d&#8217;Isra\u00ebl visent \u00e0 la destruction physique des Palestiniens et qu&#8217;elles &#8220;ignorent et d\u00e9fient&#8221; plusieurs mesures conservatoires indiqu\u00e9es ant\u00e9rieurement par la Cour internationale de justice.<\/p>\n<p>&#8220;Isra\u00ebl utilise la famine comme arme de guerre et pour poursuivre ses objectifs de d\u00e9peuplement de Gaza par la mort massive et le d\u00e9placement forc\u00e9 de Palestiniens&#8221;, a ajout\u00e9 le dirigeant sud-africain, en se r\u00e9f\u00e9rant aux preuves d\u00e9taill\u00e9es dans plus de 750 pages de texte, \u00e9tay\u00e9es par des pi\u00e8ces \u00e0 conviction et des annexes de plus de 4 000 pages.<\/p>\n<p>&#8220;Il est possible que ces nouvelles preuves ne soient pas rendues publiques&#8221;, a-t-il pr\u00e9cis\u00e9.<\/p>\n<p>Cyril Ramaphosa a d\u00e9clar\u00e9 que le d\u00e9p\u00f4t de ces preuves intervient au moment o\u00f9 Isra\u00ebl intensifie le massacre de civils \u00e0 Gaza et &#8220;semble maintenant vouloir suivre une voie de destruction similaire au Liban&#8221;.<\/p>\n<p>Le d\u00e9fendeur, Isra\u00ebl, doit d\u00e9poser une r\u00e9ponse \u00e0 ces nouveaux \u00e9l\u00e9ments de preuve avant le 28 juillet 2025.<\/p>\n<p>L&#8217;Afrique du Sud a saisi la CIJ fin 2023 d&#8217;une plainte pour g\u00e9nocide contre Isra\u00ebl, estimant que ce dernier, qui bombarde la Bande de Gaza depuis le mois d&#8217;octobre 2023, n&#8217;a pas respect\u00e9 ses engagements au titre de la Convention de 1948 sur le g\u00e9nocide.<\/p>\n<p>Plusieurs pays, dont la T\u00fcrkiye, le Nicaragua, la Palestine, l&#8217;Espagne, le Mexique, la Libye et la Colombie, se sont joints \u00e0 cette proc\u00e9dure, dont les audiences publiques ont d\u00e9but\u00e9 en janvier.<\/p>\n<p>En mai, la CIJ a enjoint \u00e0 Isra\u00ebl de mettre fin \u00e0 son offensive dans la ville de Rafah, au sud de la Bande de Gaza. C&#8217;\u00e9tait la troisi\u00e8me fois que le panel de 15 juges pronon\u00e7ait des mesures conservatoires visant \u00e0 r\u00e9duire le nombre de morts et \u00e0 all\u00e9ger les souffrances humanitaires dans l&#8217;enclave sous blocus, o\u00f9 le nombre de victimes palestiniennes a franchi la barre des 44 000 morts.<\/p>\n<p>&#8220;Les preuves d\u00e9montrent que les actes g\u00e9nocidaires d&#8217;Isra\u00ebl reposent sur l&#8217;intention sp\u00e9cifique de commettre un g\u00e9nocide, sur l&#8217;incapacit\u00e9 d&#8217;Isra\u00ebl \u00e0 emp\u00eacher l&#8217;incitation au g\u00e9nocide, \u00e0 emp\u00eacher le g\u00e9nocide lui-m\u00eame et sur son incapacit\u00e9 \u00e0 punir ceux qui incitent au g\u00e9nocide et qui commettent des actes de g\u00e9nocide&#8221;, a indiqu\u00e9 Cyril Ramaphosa.<\/p>\n<p>Il a exhort\u00e9 la communaut\u00e9 mondiale \u00e0 mettre un terme \u00e0 la trcatastrophe en cours dans la bande de Gaza.<\/p>\n<p>&#8220;La d\u00e9vastation et la souffrance n&#8217;ont \u00e9t\u00e9 possibles que parce qu&#8217;Isra\u00ebl n&#8217;a pas respect\u00e9 ses obligations internationales malgr\u00e9 les actions et les interventions de la CIJ et de nombreux organes des Nations unies&#8221;, a-t-il d\u00e9plor\u00e9.<\/p>\n<p>aa.com.tr<\/p>\n<\/div>\n","protected":false},"excerpt":{"rendered":"<p>&#8211; Les preuves d\u00e9montrent qu&#8217;Isra\u00ebl use de la famine comme arme de guerre dans le but de d\u00e9peupler Gaza par la mort et le d\u00e9placement forc\u00e9 des Palestiniens, pr\u00e9cise le pr\u00e9sident sud-africain, Cyril Ramaphosa L&#8217;Afrique du Sud a d\u00e9pos\u00e9, lundi, de nouvelles preuves aupr\u00e8s de la Cour internationale de justice (CIJ) pour \u00e9tayer ses accusations &hellip;<\/p>\n","protected":false},"author":2,"featured_media":12267,"comment_status":"open","ping_status":"open","sticky":false,"template":"","format":"standard","meta":{"footnotes":""},"categories":[18,29],"tags":[],"class_list":["post-12266","post","type-post","status-publish","format-standard","has-post-thumbnail","hentry","category-actualites","category-monde"],"_links":{"self":[{"href":"https:\/\/ladepeche.mr\/index.php?rest_route=\/wp\/v2\/posts\/12266","targetHints":{"allow":["GET"]}}],"collection":[{"href":"https:\/\/ladepeche.mr\/index.php?rest_route=\/wp\/v2\/posts"}],"about":[{"href":"https:\/\/ladepeche.mr\/index.php?rest_route=\/wp\/v2\/types\/post"}],"author":[{"embeddable":true,"href":"https:\/\/ladepeche.mr\/index.php?rest_route=\/wp\/v2\/users\/2"}],"replies":[{"embeddable":true,"href":"https:\/\/ladepeche.mr\/index.php?rest_route=%2Fwp%2Fv2%2Fcomments&post=12266"}],"version-history":[{"count":1,"href":"https:\/\/ladepeche.mr\/index.php?rest_route=\/wp\/v2\/posts\/12266\/revisions"}],"predecessor-version":[{"id":12268,"href":"https:\/\/ladepeche.mr\/index.php?rest_route=\/wp\/v2\/posts\/12266\/revisions\/12268"}],"wp:featuredmedia":[{"embeddable":true,"href":"https:\/\/ladepeche.mr\/index.php?rest_route=\/wp\/v2\/media\/12267"}],"wp:attachment":[{"href":"https:\/\/ladepeche.mr\/index.php?rest_route=%2Fwp%2Fv2%2Fmedia&parent=12266"}],"wp:term":[{"taxonomy":"category","embeddable":true,"href":"https:\/\/ladepeche.mr\/index.php?rest_route=%2Fwp%2Fv2%2Fcategories&post=12266"},{"taxonomy":"post_tag","embeddable":true,"href":"https:\/\/ladepeche.mr\/index.php?rest_route=%2Fwp%2Fv2%2Ftags&post=12266"}],"curies":[{"name":"wp","href":"https:\/\/api.w.org\/{rel}","templated":true}]}}