{"id":12273,"date":"2024-10-29T11:22:03","date_gmt":"2024-10-29T11:22:03","guid":{"rendered":"https:\/\/ladepeche.mr\/?p=12273"},"modified":"2024-10-29T11:22:46","modified_gmt":"2024-10-29T11:22:46","slug":"attentat-terrorisme-contre-la-garnison-de-kaya-la-mauritanie-se-solidarise-avec-le-tchad","status":"publish","type":"post","link":"https:\/\/ladepeche.mr\/?p=12273","title":{"rendered":"Attentat terroriste\u00a0contre la garnison de Kaya: La Mauritanie se solidarise avec le Tchad"},"content":{"rendered":"<p>Le gouvernement mauritanien a exprim\u00e9 lundi sa solidarit\u00e9 avec le gouvernement tchadien suite \u00e0 l\u2019attentat perp\u00e9tr\u00e9 dans la nuit de dimanche \u00e0 lundi par le groupe terroriste Boko Haram contre une garnison militaire et qui a fait une quarantaine de morts.<\/p>\n<p>\u00ab\u00a0J\u2019ai appris avec une grande tristesse la nouvelle de l\u2019attaque terroriste perfide dont votre pays a \u00e9t\u00e9 victime, lundi soir. En cette douloureuse occasion, j\u2019adresse \u00e0 Votre Excellence et au peuple fr\u00e8re du Tchad, mes plus sinc\u00e8res condol\u00e9ances et ma sinc\u00e8re sympathie, en mon nom personnel, au nom du gouvernement et du peuple mauritaniens, et au nom de l\u2019Union africaine\u00a0\u00bb \u00e9crit le Chef de l\u2019Etat dans un message de condol\u00e9ances au pr\u00e9sident Tchadien, Mohamed Idriss Deby. Itno.<\/p>\n<p>Le pr\u00e9sident Mohamed Ghazouani a \u00e9galement exprim\u00e9 au Tchad \u00ab\u00a0la sympathie et la solidarit\u00e9 du gouvernement et du peuple mauritaniens\u00a0\u00bb<\/p>\n<p>A noter que l\u2019attentat contre le Tchad a \u00e9t\u00e9 ex\u00e9cut\u00e9 dans la garnison militaire de Kaya.<\/p>\n","protected":false},"excerpt":{"rendered":"<p>Le gouvernement mauritanien a exprim\u00e9 lundi sa solidarit\u00e9 avec le gouvernement tchadien suite \u00e0 l\u2019attentat perp\u00e9tr\u00e9 dans la nuit de dimanche \u00e0 lundi par le groupe terroriste Boko Haram contre une garnison militaire et qui a fait une quarantaine de morts. \u00ab\u00a0J\u2019ai appris avec une grande tristesse la nouvelle de l\u2019attaque terroriste perfide dont votre &hellip;<\/p>\n","protected":false},"author":2,"featured_media":12274,"comment_status":"open","ping_status":"open","sticky":false,"template":"","format":"standard","meta":{"footnotes":""},"categories":[18,29],"tags":[],"class_list":["post-12273","post","type-post","status-publish","format-standard","has-post-thumbnail","hentry","category-actualites","category-monde"],"_links":{"self":[{"href":"https:\/\/ladepeche.mr\/index.php?rest_route=\/wp\/v2\/posts\/12273","targetHints":{"allow":["GET"]}}],"collection":[{"href":"https:\/\/ladepeche.mr\/index.php?rest_route=\/wp\/v2\/posts"}],"about":[{"href":"https:\/\/ladepeche.mr\/index.php?rest_route=\/wp\/v2\/types\/post"}],"author":[{"embeddable":true,"href":"https:\/\/ladepeche.mr\/index.php?rest_route=\/wp\/v2\/users\/2"}],"replies":[{"embeddable":true,"href":"https:\/\/ladepeche.mr\/index.php?rest_route=%2Fwp%2Fv2%2Fcomments&post=12273"}],"version-history":[{"count":3,"href":"https:\/\/ladepeche.mr\/index.php?rest_route=\/wp\/v2\/posts\/12273\/revisions"}],"predecessor-version":[{"id":12277,"href":"https:\/\/ladepeche.mr\/index.php?rest_route=\/wp\/v2\/posts\/12273\/revisions\/12277"}],"wp:featuredmedia":[{"embeddable":true,"href":"https:\/\/ladepeche.mr\/index.php?rest_route=\/wp\/v2\/media\/12274"}],"wp:attachment":[{"href":"https:\/\/ladepeche.mr\/index.php?rest_route=%2Fwp%2Fv2%2Fmedia&parent=12273"}],"wp:term":[{"taxonomy":"category","embeddable":true,"href":"https:\/\/ladepeche.mr\/index.php?rest_route=%2Fwp%2Fv2%2Fcategories&post=12273"},{"taxonomy":"post_tag","embeddable":true,"href":"https:\/\/ladepeche.mr\/index.php?rest_route=%2Fwp%2Fv2%2Ftags&post=12273"}],"curies":[{"name":"wp","href":"https:\/\/api.w.org\/{rel}","templated":true}]}}