{"id":12278,"date":"2024-10-29T11:30:09","date_gmt":"2024-10-29T11:30:09","guid":{"rendered":"https:\/\/ladepeche.mr\/?p=12278"},"modified":"2024-10-29T11:30:09","modified_gmt":"2024-10-29T11:30:09","slug":"liban-naim-qassem-nouveau-secretaire-general-du-hezbollah","status":"publish","type":"post","link":"https:\/\/ladepeche.mr\/?p=12278","title":{"rendered":"Liban : Naim Qassem, nouveau secr\u00e9taire g\u00e9n\u00e9ral du Hezbollah"},"content":{"rendered":"<h4>Suite \u00e0 un consensus au conseil de la Choura de l&#8217;\u00e9lire en remplacement de Hassan Nasrallah<\/h4>\n<div class=\"row\">\n<p>Le Hezbollah libanais a annonc\u00e9, mardi, l&#8217;\u00e9lection de Naim Qassem en tant que secr\u00e9taire g\u00e9n\u00e9ral en remplacement de Hassan Nasrallah, tu\u00e9 dans un raid isra\u00e9lien sur la banlieue sud de Beyrouth, le 27 septembre dernier.<\/p>\n<p>Dans un communiqu\u00e9, parvenu \u00e0 Anadolu, le parti a affirm\u00e9 que tout en \u00e9tant &#8220;attach\u00e9 aux principes et aux objectifs du Hezbollah, et conform\u00e9ment au m\u00e9canisme d&#8217;usage pour l&#8217;\u00e9lection du secr\u00e9taire g\u00e9n\u00e9ral, la Choura du parti \u00e9lit Cheikh Naim Qassem secr\u00e9taire g\u00e9n\u00e9ral&#8221;.<\/p>\n<p>aa.com.tr<\/p>\n<\/div>\n","protected":false},"excerpt":{"rendered":"<p>Suite \u00e0 un consensus au conseil de la Choura de l&#8217;\u00e9lire en remplacement de Hassan Nasrallah Le Hezbollah libanais a annonc\u00e9, mardi, l&#8217;\u00e9lection de Naim Qassem en tant que secr\u00e9taire g\u00e9n\u00e9ral en remplacement de Hassan Nasrallah, tu\u00e9 dans un raid isra\u00e9lien sur la banlieue sud de Beyrouth, le 27 septembre dernier. Dans un communiqu\u00e9, parvenu &hellip;<\/p>\n","protected":false},"author":2,"featured_media":12279,"comment_status":"open","ping_status":"open","sticky":false,"template":"","format":"standard","meta":{"footnotes":""},"categories":[18,29],"tags":[],"class_list":["post-12278","post","type-post","status-publish","format-standard","has-post-thumbnail","hentry","category-actualites","category-monde"],"_links":{"self":[{"href":"https:\/\/ladepeche.mr\/index.php?rest_route=\/wp\/v2\/posts\/12278","targetHints":{"allow":["GET"]}}],"collection":[{"href":"https:\/\/ladepeche.mr\/index.php?rest_route=\/wp\/v2\/posts"}],"about":[{"href":"https:\/\/ladepeche.mr\/index.php?rest_route=\/wp\/v2\/types\/post"}],"author":[{"embeddable":true,"href":"https:\/\/ladepeche.mr\/index.php?rest_route=\/wp\/v2\/users\/2"}],"replies":[{"embeddable":true,"href":"https:\/\/ladepeche.mr\/index.php?rest_route=%2Fwp%2Fv2%2Fcomments&post=12278"}],"version-history":[{"count":1,"href":"https:\/\/ladepeche.mr\/index.php?rest_route=\/wp\/v2\/posts\/12278\/revisions"}],"predecessor-version":[{"id":12280,"href":"https:\/\/ladepeche.mr\/index.php?rest_route=\/wp\/v2\/posts\/12278\/revisions\/12280"}],"wp:featuredmedia":[{"embeddable":true,"href":"https:\/\/ladepeche.mr\/index.php?rest_route=\/wp\/v2\/media\/12279"}],"wp:attachment":[{"href":"https:\/\/ladepeche.mr\/index.php?rest_route=%2Fwp%2Fv2%2Fmedia&parent=12278"}],"wp:term":[{"taxonomy":"category","embeddable":true,"href":"https:\/\/ladepeche.mr\/index.php?rest_route=%2Fwp%2Fv2%2Fcategories&post=12278"},{"taxonomy":"post_tag","embeddable":true,"href":"https:\/\/ladepeche.mr\/index.php?rest_route=%2Fwp%2Fv2%2Ftags&post=12278"}],"curies":[{"name":"wp","href":"https:\/\/api.w.org\/{rel}","templated":true}]}}