{"id":12281,"date":"2024-10-29T12:15:07","date_gmt":"2024-10-29T12:15:07","guid":{"rendered":"https:\/\/ladepeche.mr\/?p=12281"},"modified":"2024-10-29T12:41:49","modified_gmt":"2024-10-29T12:41:49","slug":"communique-du-cabinet-royal","status":"publish","type":"post","link":"https:\/\/ladepeche.mr\/?p=12281","title":{"rendered":"Coop\u00e9ration\u00a0Nord-Sud: Le Maroc et la France scellent un \u00ab\u00a0partenariat d\u2019exception renforc\u00e9\u00a0\u00bb"},"content":{"rendered":"<p>Sa Majest\u00e9 le Roi Mohammed VI, du Maroc, et le pr\u00e9sident Fran\u00e7ais, Emmanuel Macron, ont sign\u00e9, lundi au Cabinet Royal \u00e0 Rabat, la D\u00e9claration relative au &#8220;Partenariat d\u2019exception renforc\u00e9&#8221; entre le Royaume du Maroc et la R\u00e9publique fran\u00e7aise. Un partenariat qui permettra aux deux pays \u00ab\u00a0de mieux r\u00e9pondre \u00e0 l\u2019ensemble des d\u00e9fis auxquels tous deux sont confront\u00e9s, en mobilisant tous les secteurs pertinents de la coop\u00e9ration bilat\u00e9rale, r\u00e9gionale et internationale\u00a0\u00bb. La signature de cette d\u00e9claration a \u00e9t\u00e9 faite en pr\u00e9sence de SAR le Prince H\u00e9ritier Moulay El Hassan et de SAR le Prince Moulay Rachid.<\/p>\n<p>Dans cette d\u00e9claration sign\u00e9e lors de la visite d\u2019Etat du pr\u00e9sident fran\u00e7ais au Maroc, du 28 au 30 octobre 2024, les deux chefs d\u2019Etat expriment leur ambition commune pour ce partenariat exceptionnel refl\u00e8te \u00ab la profondeur des relations entre les deux pays \u00bb et \u00ab leur volont\u00e9 partag\u00e9e de construire sur les acquis et les compl\u00e9mentarit\u00e9s \u00bb. Les responsables des deux pays inscrivent \u00e9galement leur action en vue \u00ab de doter les relations franco-marocaines d\u2019un cadre strat\u00e9gique global, stable et p\u00e9renne \u00bb. Le Maroc et la France veulent asseoir ce partenariat d\u2019exception renforc\u00e9 sur trois grands objectifs \u00e0 savoir :<\/p>\n<p>\u2013 la consolidation de la convergence politique et strat\u00e9gique entre le Maroc et la France pour leur permettre de mieux faire face ensemble aux grands d\u00e9fis de notre temps ;<\/p>\n<p>\u2013 l\u2019approfondissement et la modernisation de leur partenariat au b\u00e9n\u00e9fice du d\u00e9veloppement \u00e9conomique, de la coh\u00e9sion sociale et de leur autonomie strat\u00e9gique ;<\/p>\n<p>\u2013 la poursuite du renforcement de leur coop\u00e9ration privil\u00e9gi\u00e9e en mati\u00e8re de liens humains, de capital humain et de culture, ancr\u00e9e dans une francophonie de valeurs et d\u2019ouverture.<\/p>\n<p>A l\u2019issue de cette visite, un communiqu\u00e9 du cabinet royal insistant note que le partenariat d\u2019exception renforc\u00e9 est \u00ab\u00a0le passage vers une nouvelle \u00e8re des relations fortes entre le Maroc et la France\u00a0\u00bb<\/p>\n<p>&nbsp;<\/p>\n<p>Voici le texte int\u00e9gral du communiqu\u00e9 du cabinet royal<\/p>\n<p><strong>Rabat, 28 octobre 2024\u00a0<\/strong>&#8211; &#8220;Sa Majest\u00e9 le Roi Mohammed VI, que Dieu L\u2019assiste, a eu, ce jour, au Palais Royal de Rabat, des entretiens avec le Pr\u00e9sident de la R\u00e9publique fran\u00e7aise, S.E.M. Emmanuel Macron, qui effectue une Visite d&#8217;\u00c9tat au Maroc, du 28 au 30 octobre, \u00e0 l&#8217;invitation du Souverain.<\/p>\n<p>Les entretiens entre les deux Chefs d\u2019Etat ont port\u00e9 sur le passage vers une nouvelle \u00e8re des relations fortes entre le Maroc et la France, dans le cadre d&#8217;un Partenariat d&#8217;exception renouvel\u00e9 et d&#8217;une feuille de route strat\u00e9gique pour les ann\u00e9es \u00e0 venir.<\/p>\n<p>A cet \u00e9gard, les deux Chefs d&#8217;Etat entendent, \u00e0 travers ce partenariat renouvel\u00e9, donner une impulsion d\u00e9cisive aux relations multidimensionnelles d&#8217;excellence entre le Maroc et la France, pour tenir compte des ambitions des deux pays et faire face, ensemble, aux \u00e9volutions et d\u00e9fis internationaux.<\/p>\n<p>Les entretiens ont, \u00e9galement, port\u00e9 sur les questions r\u00e9gionales et internationales. Ainsi, les deux Chefs d&#8217;\u00c9tat sont convenus d&#8217;\u0153uvrer de concert pour conforter la projection euro-m\u00e9diterran\u00e9enne, africaine et atlantique, dans une d\u00e9marche d&#8217;action commune en faveur de la prosp\u00e9rit\u00e9 et du d\u00e9veloppement humain et durable.<\/p>\n<p>Ils ont soulign\u00e9 l&#8217;importance de renouveler, en profondeur, le partenariat entre les deux rives de la M\u00e9diterran\u00e9e, pour construire un avenir plus stable, durable et prosp\u00e8re pour l&#8217;ensemble de la r\u00e9gion, tout en r\u00e9pondant aux enjeux socio\u00e9conomiques et environnementaux actuels.<\/p>\n<p>Par ailleurs, le Pr\u00e9sident de la R\u00e9publique fran\u00e7aise a salu\u00e9 le r\u00f4le constructif de Sa Majest\u00e9 le Roi Mohammed VI, que Dieu L\u2019assiste, Pr\u00e9sident du Comit\u00e9 Al-Qods, au service de la paix au Moyen-Orient. Les deux Chefs d&#8217;Etat ont appel\u00e9 \u00e0 une cessation imm\u00e9diate des attaques \u00e0 Gaza et au Liban, tout en soulignant la priorit\u00e9 de prot\u00e9ger les populations civiles, et l&#8217;importance de garantir et fluidifier l&#8217;acheminement d&#8217;une aide humanitaire suffisante, tout en mettant un terme \u00e0 l&#8217;embrasement r\u00e9gional. Le Souverain et le Pr\u00e9sident fran\u00e7ais ont rappel\u00e9 l&#8217;urgence de r\u00e9activer le processus de paix, dans le cadre de la solution \u00e0 deux \u00c9tats, avec un \u00c9tat Palestinien ind\u00e9pendant, sur les fronti\u00e8res du 4 juin 1967, avec J\u00e9rusalem Est comme Capitale.<\/p>\n<p>Le Pr\u00e9sident de la R\u00e9publique fran\u00e7aise a adress\u00e9 une invitation officielle \u00e0 Sa Majest\u00e9 Roi Mohammed VI, que Dieu L\u2019assiste, pour effectuer une visite d&#8217;Etat en France. Invitation que le Souverain a accept\u00e9e, et dont la date sera convenue par le canal diplomatique&#8221;.<\/p>\n<p>&nbsp;<\/p>\n","protected":false},"excerpt":{"rendered":"<p>Sa Majest\u00e9 le Roi Mohammed VI, du Maroc, et le pr\u00e9sident Fran\u00e7ais, Emmanuel Macron, ont sign\u00e9, lundi au Cabinet Royal \u00e0 Rabat, la D\u00e9claration relative au &#8220;Partenariat d\u2019exception renforc\u00e9&#8221; entre le Royaume du Maroc et la R\u00e9publique fran\u00e7aise. Un partenariat qui permettra aux deux pays \u00ab\u00a0de mieux r\u00e9pondre \u00e0 l\u2019ensemble des d\u00e9fis auxquels tous deux &hellip;<\/p>\n","protected":false},"author":2,"featured_media":12282,"comment_status":"open","ping_status":"open","sticky":false,"template":"","format":"standard","meta":{"footnotes":""},"categories":[18,29],"tags":[],"class_list":["post-12281","post","type-post","status-publish","format-standard","has-post-thumbnail","hentry","category-actualites","category-monde"],"_links":{"self":[{"href":"https:\/\/ladepeche.mr\/index.php?rest_route=\/wp\/v2\/posts\/12281","targetHints":{"allow":["GET"]}}],"collection":[{"href":"https:\/\/ladepeche.mr\/index.php?rest_route=\/wp\/v2\/posts"}],"about":[{"href":"https:\/\/ladepeche.mr\/index.php?rest_route=\/wp\/v2\/types\/post"}],"author":[{"embeddable":true,"href":"https:\/\/ladepeche.mr\/index.php?rest_route=\/wp\/v2\/users\/2"}],"replies":[{"embeddable":true,"href":"https:\/\/ladepeche.mr\/index.php?rest_route=%2Fwp%2Fv2%2Fcomments&post=12281"}],"version-history":[{"count":3,"href":"https:\/\/ladepeche.mr\/index.php?rest_route=\/wp\/v2\/posts\/12281\/revisions"}],"predecessor-version":[{"id":12285,"href":"https:\/\/ladepeche.mr\/index.php?rest_route=\/wp\/v2\/posts\/12281\/revisions\/12285"}],"wp:featuredmedia":[{"embeddable":true,"href":"https:\/\/ladepeche.mr\/index.php?rest_route=\/wp\/v2\/media\/12282"}],"wp:attachment":[{"href":"https:\/\/ladepeche.mr\/index.php?rest_route=%2Fwp%2Fv2%2Fmedia&parent=12281"}],"wp:term":[{"taxonomy":"category","embeddable":true,"href":"https:\/\/ladepeche.mr\/index.php?rest_route=%2Fwp%2Fv2%2Fcategories&post=12281"},{"taxonomy":"post_tag","embeddable":true,"href":"https:\/\/ladepeche.mr\/index.php?rest_route=%2Fwp%2Fv2%2Ftags&post=12281"}],"curies":[{"name":"wp","href":"https:\/\/api.w.org\/{rel}","templated":true}]}}