{"id":12286,"date":"2024-10-29T22:13:17","date_gmt":"2024-10-29T22:13:17","guid":{"rendered":"https:\/\/ladepeche.mr\/?p=12286"},"modified":"2024-10-29T22:14:11","modified_gmt":"2024-10-29T22:14:11","slug":"12286","status":"publish","type":"post","link":"https:\/\/ladepeche.mr\/?p=12286","title":{"rendered":"Diplomatie: Le pr\u00e9sident de la R\u00e9publique re\u00e7oit les lettres de cr\u00e9ances de plusieurs ambassadeurs"},"content":{"rendered":"<p>Le pr\u00e9sident de la R\u00e9publique, Mohamed Ould Cheikh El-Ghazouani, a re\u00e7u, mardi au Palais pr\u00e9sidentiel \u00e0 Nouakchott, les lettres de cr\u00e9ance de plusieurs ambassadeurs en leurs qualit\u00e9s en tant qu\u2019ambassadeur extraordinaire et pl\u00e9nipotentiaire de leurs pays respectifs aupr\u00e8s du n\u00f4tre.<\/p>\n<p>Il s\u2019agit de leurs excellences, Abdel Aziz Al Abdalla Errighabi (Royaume d\u2019Arabie Saoudite), Bakary Doumbia (R\u00e9publique du Mali), Joaquim Tasso Villalonga (Union Europ\u00e9enne) et Florian Reindel (Allemagne).<\/p>\n<p>Le pr\u00e9sident a \u00e9voqu\u00e9 avec ses h\u00f4tes, lors des audiences accord\u00e9es en pr\u00e9sence du Ministre charg\u00e9 du Cabinet du Pr\u00e9sident, et du ministre des affaires \u00e9trang\u00e8res et de la coop\u00e9ration et des mauritaniens de l\u2019ext\u00e9rieur, des sujets se rapportant au souci de notre pays de raffermir la coop\u00e9ration bilat\u00e9rale avec les diff\u00e9rents pays et organisations.<\/p>\n<p>Dans leurs d\u00e9clarations faites \u00e0 nos confr\u00e8res de l\u2019AMI, les ambassadeurs nouvellement accr\u00e9dit\u00e9s dans notre pays ont indiqu\u00e9 qu\u2019ils oeuvreront \u00e0 renforcer cette coop\u00e9ration et promis de la diversifier.<\/p>\n<p>SEM Abdel Aziz Al Abdalla Errighabi (Royaume d\u2019Arabie Saoudite) rappel\u00e9 que \u00ab\u00a0les relations mauritano-saoudiennes sont ancr\u00e9es dans l\u2019histoire\u00a0\u00bb. Le Royaume entend encore \u00ab\u00a0renforcer ces relations et liens fraternels et de les promouvoir \u00e0 des horizons plus \u00e9lev\u00e9s et plus larges\u00a0\u00bb a-t-il pr\u00e9cis\u00e9 ajoutant qu\u2019il a transmis au pr\u00e9sident de la R\u00e9publique les salutations du Gardien des Deux Saintes Mosqu\u00e9es, le Roi Salman bin Abdelaziz Al Saoud et de Son Altesse Royale le Prince H\u00e9ritier Mohammed bin Salman bin Abdelaziz.<\/p>\n<p>Pour sa part, SEM. Bakary Doumbia (R\u00e9publique du Mali), a r\u00e9v\u00e9l\u00e9 qu\u2019il \u00e9tait porteur d\u2019un message amical et fraternel du peuple malien et de Son Excellence le G\u00e9n\u00e9ral d\u2019arm\u00e9e Assimi Goita, chef de la transition et pr\u00e9sident de la R\u00e9publique, au peuple fr\u00e8re de Mauritanie ainsi qu\u2019\u00e0 Son Excellence le Pr\u00e9sident de la R\u00e9publique, Monsieur Mohamed Ould Cheikh El Ghazouani.<\/p>\n<p>Tout en r\u00e9affirmant sa volont\u00e9 \u00e0 booster cette relation historique et de bon voisinage, le diplomate malien a dit l\u2019int\u00e9r\u00eat accord\u00e9 par les deux parties \u00a0\u00e0 la redynamisation de la grande commission mixte de coop\u00e9ration Mauritanie-Mali, dont la 13\u00e8me session remonte \u00e0 2016 \u00e0 Bamako.<\/p>\n<p>Le nouvel ambassadeur de l\u2019UE a, lui, mis l\u2019accent sur sa volont\u00e9 \u00e0 travailler sans rel\u00e2che pour renforcer davantage l\u2019amiti\u00e9 et la coop\u00e9ration entre l\u2019union europ\u00e9enne et la Mauritanie. Il a, \u00e0 cet effet, \u00e9voquer les ^possibilit\u00e9s de coop\u00e9ration dans les domaines du d\u00e9veloppement des \u00e9nergies renouvelables et de l\u2019hydrog\u00e8ne vert. Il a \u00e9galement rappel\u00e9 l\u2019int\u00e9r\u00eat de la question des r\u00e9fugi\u00e9s en Mauritanie et des efforts substantiels qui pourraient \u00eatre d\u00e9ploy\u00e9s pour lui venir en aide.<\/p>\n<p>Quant au nouvel ambassadeur allemand, SEM. Florian Reindel, il a assur\u00e9 de son engagement et sa disponibilit\u00e9 \u00e0 poursuivre la coop\u00e9ration reliant son pays \u00e0 la Mauritanie, pour \u00a0\u00ab\u00a0consolider et \u00e9largir le partenariat fructueux entre les deux \u00c9tats\u00a0\u00bb.<\/p>\n<p>&nbsp;<\/p>\n","protected":false},"excerpt":{"rendered":"<p>Le pr\u00e9sident de la R\u00e9publique, Mohamed Ould Cheikh El-Ghazouani, a re\u00e7u, mardi au Palais pr\u00e9sidentiel \u00e0 Nouakchott, les lettres de cr\u00e9ance de plusieurs ambassadeurs en leurs qualit\u00e9s en tant qu\u2019ambassadeur extraordinaire et pl\u00e9nipotentiaire de leurs pays respectifs aupr\u00e8s du n\u00f4tre. Il s\u2019agit de leurs excellences, Abdel Aziz Al Abdalla Errighabi (Royaume d\u2019Arabie Saoudite), Bakary Doumbia &hellip;<\/p>\n","protected":false},"author":2,"featured_media":12287,"comment_status":"open","ping_status":"open","sticky":false,"template":"","format":"standard","meta":{"footnotes":""},"categories":[18,29],"tags":[],"class_list":["post-12286","post","type-post","status-publish","format-standard","has-post-thumbnail","hentry","category-actualites","category-monde"],"_links":{"self":[{"href":"https:\/\/ladepeche.mr\/index.php?rest_route=\/wp\/v2\/posts\/12286","targetHints":{"allow":["GET"]}}],"collection":[{"href":"https:\/\/ladepeche.mr\/index.php?rest_route=\/wp\/v2\/posts"}],"about":[{"href":"https:\/\/ladepeche.mr\/index.php?rest_route=\/wp\/v2\/types\/post"}],"author":[{"embeddable":true,"href":"https:\/\/ladepeche.mr\/index.php?rest_route=\/wp\/v2\/users\/2"}],"replies":[{"embeddable":true,"href":"https:\/\/ladepeche.mr\/index.php?rest_route=%2Fwp%2Fv2%2Fcomments&post=12286"}],"version-history":[{"count":2,"href":"https:\/\/ladepeche.mr\/index.php?rest_route=\/wp\/v2\/posts\/12286\/revisions"}],"predecessor-version":[{"id":12289,"href":"https:\/\/ladepeche.mr\/index.php?rest_route=\/wp\/v2\/posts\/12286\/revisions\/12289"}],"wp:featuredmedia":[{"embeddable":true,"href":"https:\/\/ladepeche.mr\/index.php?rest_route=\/wp\/v2\/media\/12287"}],"wp:attachment":[{"href":"https:\/\/ladepeche.mr\/index.php?rest_route=%2Fwp%2Fv2%2Fmedia&parent=12286"}],"wp:term":[{"taxonomy":"category","embeddable":true,"href":"https:\/\/ladepeche.mr\/index.php?rest_route=%2Fwp%2Fv2%2Fcategories&post=12286"},{"taxonomy":"post_tag","embeddable":true,"href":"https:\/\/ladepeche.mr\/index.php?rest_route=%2Fwp%2Fv2%2Ftags&post=12286"}],"curies":[{"name":"wp","href":"https:\/\/api.w.org\/{rel}","templated":true}]}}