{"id":12290,"date":"2024-10-30T11:29:09","date_gmt":"2024-10-30T11:29:09","guid":{"rendered":"https:\/\/ladepeche.mr\/?p=12290"},"modified":"2024-10-30T11:29:24","modified_gmt":"2024-10-30T11:29:24","slug":"sahara-le-president-emmanuel-macron-le-present-et-lavenir-de-ce-territoire-sinscrivent-dans-le-cadre-de-la-souverainete-marocaine","status":"publish","type":"post","link":"https:\/\/ladepeche.mr\/?p=12290","title":{"rendered":"Sahara- Le Pr\u00e9sident Emmanuel Macron: \u2018\u2019 Le pr\u00e9sent et l&#8217;avenir de ce territoire s&#8217;inscrivent dans le cadre de la souverainet\u00e9 marocaine\u2019\u2019"},"content":{"rendered":"<p>Rabat, 29\/10\/2024 (MAP) &#8211; Le Pr\u00e9sident de la R\u00e9publique fran\u00e7aise, S.E.M. Emmanuel Macron, a r\u00e9it\u00e9r\u00e9 avec force le soutien de la France \u00e0 la souverainet\u00e9 du Maroc sur son Sahara, mardi, lors d&#8217;une s\u00e9ance conjointe des deux Chambres du Parlement marocain.<\/p>\n<p>&#8220;Et je le r\u00e9affirme ici devant vous. Pour la France, le pr\u00e9sent et l&#8217;avenir de ce territoire s&#8217;inscrivent dans le cadre de la souverainet\u00e9 marocaine. L&#8217;autonomie sous souverainet\u00e9 marocaine est le cadre dans lequel cette question doit \u00eatre r\u00e9solue&#8221;, a d\u00e9clar\u00e9 le Chef d\u2019Etat fran\u00e7ais, reprenant la position claire et forte qu\u2019il avait communiqu\u00e9e, dans son message adress\u00e9 \u00e0 Sa Majest\u00e9 le Roi Mohammed VI, \u00e0 l\u2019occasion du 25\u00e8me anniversaire de la F\u00eate du Tr\u00f4ne.<\/p>\n<p>Le Pr\u00e9sident Macron s\u2019est \u00e9galement engag\u00e9, au nom de la France, \u00e0 &#8220;accompagner le Maroc dans les instances internationales&#8221;, en soulignant que &#8220;le plan d&#8217;autonomie de 2007 constitue la seule base pour parvenir \u00e0 une solution politique juste, durable et n\u00e9goci\u00e9e conform\u00e9ment aux r\u00e9solutions du Conseil de s\u00e9curit\u00e9 des Nations Unies&#8221;.<\/p>\n<p>&#8220;Et je le dis ici aussi avec beaucoup de force, nos op\u00e9rateurs et nos entreprises accompagneront le d\u00e9veloppement de ces territoires au travers d&#8217;investissements, d&#8217;initiatives durables et solidaires au b\u00e9n\u00e9fice des populations locales&#8221;, a-t-il affirm\u00e9 devant les \u00e9lus de la Nation.<\/p>\n<p>Cette \u00e9volution significative de la position de la France est plac\u00e9e par le Pr\u00e9sident Macron dans le cadre d\u2019un contexte r\u00e9gional qui doit privil\u00e9gier la coop\u00e9ration et la concertation. Il a, dans ce contexte, expliqu\u00e9 que &#8220;cette position n&#8217;est hostile \u00e0 personne. Elle permet d&#8217;ouvrir une nouvelle page entre nous, comme avec tous ceux qui veulent agir dans un cadre de coop\u00e9ration r\u00e9gionale, en M\u00e9diterran\u00e9e, avec les pays voisins du Maroc et avec l&#8217;Union europ\u00e9enne&#8221;.<\/p>\n<p>En reconnaissant au Royaume ses droits imm\u00e9moriaux, la France, \u00e0 travers cette allocution historique de son pr\u00e9sident sous la coupole du Parlement, vient confirmer la profondeur qui lie les deux Etats et les deux peuples. &#8220;Tout au long des d\u00e9cennies pass\u00e9es, le Maroc et la France sont demeur\u00e9s des alli\u00e9s fid\u00e8les dans les temps troubl\u00e9s et jamais la France n&#8217;a manqu\u00e9 au Maroc sur toutes les questions existentielles auxquelles il a fait face&#8221;, a tenu \u00e0 souligner le Pr\u00e9sident fran\u00e7ais.<\/p>\n<p>MAP<\/p>\n","protected":false},"excerpt":{"rendered":"<p>Rabat, 29\/10\/2024 (MAP) &#8211; Le Pr\u00e9sident de la R\u00e9publique fran\u00e7aise, S.E.M. Emmanuel Macron, a r\u00e9it\u00e9r\u00e9 avec force le soutien de la France \u00e0 la souverainet\u00e9 du Maroc sur son Sahara, mardi, lors d&#8217;une s\u00e9ance conjointe des deux Chambres du Parlement marocain. &#8220;Et je le r\u00e9affirme ici devant vous. Pour la France, le pr\u00e9sent et l&#8217;avenir &hellip;<\/p>\n","protected":false},"author":2,"featured_media":12291,"comment_status":"open","ping_status":"open","sticky":false,"template":"","format":"standard","meta":{"footnotes":""},"categories":[18,29],"tags":[],"class_list":["post-12290","post","type-post","status-publish","format-standard","has-post-thumbnail","hentry","category-actualites","category-monde"],"_links":{"self":[{"href":"https:\/\/ladepeche.mr\/index.php?rest_route=\/wp\/v2\/posts\/12290","targetHints":{"allow":["GET"]}}],"collection":[{"href":"https:\/\/ladepeche.mr\/index.php?rest_route=\/wp\/v2\/posts"}],"about":[{"href":"https:\/\/ladepeche.mr\/index.php?rest_route=\/wp\/v2\/types\/post"}],"author":[{"embeddable":true,"href":"https:\/\/ladepeche.mr\/index.php?rest_route=\/wp\/v2\/users\/2"}],"replies":[{"embeddable":true,"href":"https:\/\/ladepeche.mr\/index.php?rest_route=%2Fwp%2Fv2%2Fcomments&post=12290"}],"version-history":[{"count":1,"href":"https:\/\/ladepeche.mr\/index.php?rest_route=\/wp\/v2\/posts\/12290\/revisions"}],"predecessor-version":[{"id":12292,"href":"https:\/\/ladepeche.mr\/index.php?rest_route=\/wp\/v2\/posts\/12290\/revisions\/12292"}],"wp:featuredmedia":[{"embeddable":true,"href":"https:\/\/ladepeche.mr\/index.php?rest_route=\/wp\/v2\/media\/12291"}],"wp:attachment":[{"href":"https:\/\/ladepeche.mr\/index.php?rest_route=%2Fwp%2Fv2%2Fmedia&parent=12290"}],"wp:term":[{"taxonomy":"category","embeddable":true,"href":"https:\/\/ladepeche.mr\/index.php?rest_route=%2Fwp%2Fv2%2Fcategories&post=12290"},{"taxonomy":"post_tag","embeddable":true,"href":"https:\/\/ladepeche.mr\/index.php?rest_route=%2Fwp%2Fv2%2Ftags&post=12290"}],"curies":[{"name":"wp","href":"https:\/\/api.w.org\/{rel}","templated":true}]}}