{"id":12293,"date":"2024-10-30T11:48:56","date_gmt":"2024-10-30T11:48:56","guid":{"rendered":"https:\/\/ladepeche.mr\/?p=12293"},"modified":"2024-10-30T11:48:56","modified_gmt":"2024-10-30T11:48:56","slug":"le-president-de-la-republique-recoit-la-ministre-espagnole-de-la-defense","status":"publish","type":"post","link":"https:\/\/ladepeche.mr\/?p=12293","title":{"rendered":"Le Pr\u00e9sident de la R\u00e9publique re\u00e7oit la ministre espagnole de la D\u00e9fense"},"content":{"rendered":"<p>Son Excellence le Pr\u00e9sident de la R\u00e9publique, Pr\u00e9sident en exercice de l\u2019UA, Monsieur Mohamed Ould Cheikh El Ghazouani, a re\u00e7u en audience, lundi au Palais pr\u00e9sidentiel \u00e0 Nouakchott, la ministre espagnole de la D\u00e9fense, Mme Margarita Robles Fernandez, actuellement en visite dans notre pays.<\/p>\n<p>L\u2019audience a port\u00e9 sur les relations de coop\u00e9ration bilat\u00e9rale entre les deux pays et les moyens de les renforcer et de les d\u00e9velopper, en particulier, dans le domaine s\u00e9curitaire et militaire.<\/p>\n<p>La r\u00e9union s\u2019est d\u00e9roul\u00e9e, c\u00f4t\u00e9 mauritanien, en pr\u00e9sence du ministre charg\u00e9 de cabinet du Pr\u00e9sident de la R\u00e9publique, M. Nani Ould Chrougha, du ministre de la D\u00e9fense, des Retrait\u00e9s et des Enfants des Martyrs, M. Hanena Ould Sidi, du Chef d\u2019Etat-Major Particulier du Pr\u00e9sident de la R\u00e9publique, le g\u00e9n\u00e9ral de division Isselkou Ould Cheikh El Weli, et de M. Sidi Mohamed El Ghaber, charg\u00e9 de mission \u00e0 la Pr\u00e9sidence de la R\u00e9publique, c\u00f4t\u00e9 espagnol, de l\u2019ambassadrice d\u2019Espagne en Mauritanie, Miriam Alvarez de La Rosa, du secr\u00e9taire g\u00e9n\u00e9ral de la politique de d\u00e9fense, l\u2019amiral Juan Francisco Martinez Nunez, de la directrice de cabinet de la ministre de la D\u00e9fense, Mercedes Gomez Mena, et du directeur du bureau technique de la ministre de la D\u00e9fense, l\u2019amiral Antonino Cordero Aparicio.<\/p>\n<p>Ami<\/p>\n","protected":false},"excerpt":{"rendered":"<p>Son Excellence le Pr\u00e9sident de la R\u00e9publique, Pr\u00e9sident en exercice de l\u2019UA, Monsieur Mohamed Ould Cheikh El Ghazouani, a re\u00e7u en audience, lundi au Palais pr\u00e9sidentiel \u00e0 Nouakchott, la ministre espagnole de la D\u00e9fense, Mme Margarita Robles Fernandez, actuellement en visite dans notre pays. L\u2019audience a port\u00e9 sur les relations de coop\u00e9ration bilat\u00e9rale entre les &hellip;<\/p>\n","protected":false},"author":2,"featured_media":12294,"comment_status":"open","ping_status":"open","sticky":false,"template":"","format":"standard","meta":{"footnotes":""},"categories":[18,29],"tags":[],"class_list":["post-12293","post","type-post","status-publish","format-standard","has-post-thumbnail","hentry","category-actualites","category-monde"],"_links":{"self":[{"href":"https:\/\/ladepeche.mr\/index.php?rest_route=\/wp\/v2\/posts\/12293","targetHints":{"allow":["GET"]}}],"collection":[{"href":"https:\/\/ladepeche.mr\/index.php?rest_route=\/wp\/v2\/posts"}],"about":[{"href":"https:\/\/ladepeche.mr\/index.php?rest_route=\/wp\/v2\/types\/post"}],"author":[{"embeddable":true,"href":"https:\/\/ladepeche.mr\/index.php?rest_route=\/wp\/v2\/users\/2"}],"replies":[{"embeddable":true,"href":"https:\/\/ladepeche.mr\/index.php?rest_route=%2Fwp%2Fv2%2Fcomments&post=12293"}],"version-history":[{"count":1,"href":"https:\/\/ladepeche.mr\/index.php?rest_route=\/wp\/v2\/posts\/12293\/revisions"}],"predecessor-version":[{"id":12295,"href":"https:\/\/ladepeche.mr\/index.php?rest_route=\/wp\/v2\/posts\/12293\/revisions\/12295"}],"wp:featuredmedia":[{"embeddable":true,"href":"https:\/\/ladepeche.mr\/index.php?rest_route=\/wp\/v2\/media\/12294"}],"wp:attachment":[{"href":"https:\/\/ladepeche.mr\/index.php?rest_route=%2Fwp%2Fv2%2Fmedia&parent=12293"}],"wp:term":[{"taxonomy":"category","embeddable":true,"href":"https:\/\/ladepeche.mr\/index.php?rest_route=%2Fwp%2Fv2%2Fcategories&post=12293"},{"taxonomy":"post_tag","embeddable":true,"href":"https:\/\/ladepeche.mr\/index.php?rest_route=%2Fwp%2Fv2%2Ftags&post=12293"}],"curies":[{"name":"wp","href":"https:\/\/api.w.org\/{rel}","templated":true}]}}