{"id":12296,"date":"2024-10-30T22:21:41","date_gmt":"2024-10-30T22:21:41","guid":{"rendered":"https:\/\/ladepeche.mr\/?p=12296"},"modified":"2024-10-30T22:21:41","modified_gmt":"2024-10-30T22:21:41","slug":"communique-du-conseil-des-ministres-du-mercredi-30-octobre-2024","status":"publish","type":"post","link":"https:\/\/ladepeche.mr\/?p=12296","title":{"rendered":"Communiqu\u00e9 du Conseil des Ministres du Mercredi 30 octobre 2024"},"content":{"rendered":"<p>Le Conseil des Ministres s\u2019est r\u00e9uni le Mercredi le 30 octobre 2024, sous la Pr\u00e9sidence de Son Excellence Monsieur Mohamed Ould Cheikh El-Ghazouani, Pr\u00e9sident de la R\u00e9publique.<\/p>\n<p>Le Conseil a examin\u00e9 et adopt\u00e9 les projets de d\u00e9crets suivants :<\/p>\n<p>\u2010 Projet de d\u00e9cret portant nomination du Pr\u00e9sident du Conseil d\u2019Administration de l\u2019Ecole Nationale d\u2019Administration de Journalisme et de Magistrature (ENAJM).<\/p>\n<p>\u2010 Projet de d\u00e9cret abrogeant et rempla\u00e7ant le d\u00e9cret n\u00b0 2024-103 du 26 juillet 2024, abrogeant et rempla\u00e7ant le d\u00e9cret 2020-132 du 21 octobre 2020, d\u00e9terminant les orientations et les priorit\u00e9s en mati\u00e8re d\u2019acc\u00e8s universel aux services de communications \u00e9lectroniques.<\/p>\n<p>Ce projet de d\u00e9cret apporte deux modifications visant, d\u2019une part, une plus grande collaboration entre le Minist\u00e8re charg\u00e9 des Communications Electroniques et l\u2019autorit\u00e9 de r\u00e9gulation dans la mise en \u0153uvre des programmes d\u2019acc\u00e8s universel aux services des communications \u00e9lectroniques, et d\u2019autre part, la mise en place d\u2019un comit\u00e9 conjoint, charg\u00e9 du suivi et de la coordination de la mise en \u0153uvre des programmes de service universel, qui en d\u00e9finit les missions, les compositions, et les r\u00e8gles d\u2019organisation et de fonctionnement.<\/p>\n<p>\u2010 Projet de d\u00e9cret fixant les modalit\u00e9s de gestion et proc\u00e9dures d\u2019acc\u00e8s au Portail Num\u00e9rique des Services Publics (KHADAMATI).<\/p>\n<p>Cette plateforme num\u00e9rique a pour objectif de contribuer \u00e0 l\u2019am\u00e9lioration de l\u2019efficacit\u00e9 des services publics en facilitant l\u2019acc\u00e8s des citoyens aux services administratifs.<\/p>\n<p>La plateforme num\u00e9rique permettra aux citoyens d\u2019utiliser une infrastructure num\u00e9rique s\u00e9curis\u00e9e pour exprimer leurs dol\u00e9ances, d\u00e9poser leurs signalements ou formuler leurs plaintes en cas de besoin,<\/p>\n<p>Ce projet de d\u00e9cret pr\u00e9cise les modalit\u00e9s de mise en place, d\u2019organisation et de fonctionnement de chaque plateforme ou sous-application dans le cadre de ce portail.<\/p>\n<p>Le Ministre de l\u2019Autonomisation des Jeunes, de l\u2019Emploi, des Sports et du Service Civique a pr\u00e9sent\u00e9 une communication sur la mise en place d\u2019un service civique souple, conform\u00e9ment \u00e0 la vision de SEM le Pr\u00e9sident de la R\u00e9publique.<\/p>\n<p>Cette communication a pour objectif d\u2019informer sur l\u2019autonomisation des jeunes relevant de l\u2019axe relatif \u00e0 la participation politique et civique, conform\u00e9ment \u00e0 la vision et \u00e0 l\u2019approche int\u00e9gr\u00e9e du d\u00e9partement. Elle a pour objectifs d\u2019examiner :<\/p>\n<p>\u2013 Le document- cadre con\u00e7u pour la mise en place d\u2019un service civique souple.<\/p>\n<p>\u2013 Les conditions dans lesquelles s\u2019est op\u00e9r\u00e9e l\u2019op\u00e9ration du lancement de l\u2019activit\u00e9 pilote pour la mobilisation de 500 jeunes volontaires du service civique pour effectuer des missions de b\u00e9n\u00e9volat dans le cadre de l\u2019approche Nouakchott ville moderne.<\/p>\n<p>Le Ministre des Affaires Etrang\u00e8res, de la Coop\u00e9ration Africaine et des Mauritaniens de l\u2019Ext\u00e9rieur a pr\u00e9sent\u00e9 une communication relative \u00e0 la situation internationale.<\/p>\n<p>Le Ministre de l\u2019Int\u00e9rieur, de la Promotion de la D\u00e9centralisation et du D\u00e9veloppement Local a pr\u00e9sent\u00e9 une communication relative \u00e0 la situation int\u00e9rieure.<\/p>\n<p>Le Ministre de la Transformation Num\u00e9rique et de la Modernisation de l\u2019Administration, Ministre de la Fonction Publique et du Travail par int\u00e9rim, a pr\u00e9sent\u00e9 une communication relative \u00e0 la d\u00e9termination de la repr\u00e9sentativit\u00e9 des organisations syndicales des travailleurs.<\/p>\n<p>Cette communication vise \u00e0 renforcer la participation des salari\u00e9s dans la gestion de leur vie professionnelle \u00e0 travers l\u2019identification des organisations syndicales les plus repr\u00e9sentatives et, ainsi, une restriction du mouvement syndical national \u00e0 la seule fin de mieux prendre en compte les int\u00e9r\u00eats mat\u00e9riels et moraux des travailleurs dans les deux secteurs public et priv\u00e9. Il contribuera, \u00e9galement, \u00e0 l\u2019affermissement de la d\u00e9mocratie au sein des rapports professionnels et \u00e0 l\u2019am\u00e9lioration de la gouvernance des institutions de dialogue social et de la n\u00e9gociation collective.<\/p>\n<p>La d\u00e9termination de la repr\u00e9sentativit\u00e9 participera, en outre, a l\u2019instauration de la confiance entre les partenaires sociaux conform\u00e9ment aux orientations de SEM le Pr\u00e9sident de la R\u00e9publique.<\/p>\n<p>Le Ministre des Mines et de l\u2019Industrie a pr\u00e9sent\u00e9 une communication relative au secteur industriel et aux perspectives de d\u00e9veloppement.<\/p>\n<p>Cette communication fait le diagnostic du secteur industriel et propose des solutions concr\u00e8tes et des actions cibl\u00e9es, \u00e0 m\u00eame de relever des d\u00e9fis auxquels fait face notre industrie et d\u2019assurer une relance du secteur \u00e0 travers une augmentation sensible du rythme de cr\u00e9ation des entreprises.<\/p>\n<p>Ces solutions permettront en outre, de renforcer la comp\u00e9titivit\u00e9 des entreprises industrielles, de diversifier l\u2019\u00e9conomie nationale, et de cr\u00e9er des opportunit\u00e9s d\u2019emplois durables, sur la base de la strat\u00e9gie de d\u00e9veloppement du secteur industriel, adopt\u00e9e en Mauritanie.<\/p>\n<p>Le Ministre de l\u2019Elevage a pr\u00e9sent\u00e9 une communication sur l\u2019organisation d\u2019un Forum de haut niveau sur le pastoralisme \u00ab Nouakcott+10 \u00bb qui se tiendra les 6, 5 et 7 Novembre 2024.<\/p>\n<p>Cette communication pr\u00e9cise les modalit\u00e9s d\u2019organisation de ce Forum, qui vise \u00e0 \u00e9valuer les acquis, identifier de nouveaux d\u00e9fis et envisager de nouvelles mesures pour soutenir le d\u00e9veloppement des syst\u00e8mes de production pastoraux et agro-pastoraux et leur r\u00e9silience dans la zone du Sahel.<\/p>\n<p>Participeront \u00e0 ce Forum les repr\u00e9sentants de six pays : Mauritanie, S\u00e9n\u00e9gal, Mali, Burkina Faso ; Niger et Tchad.<\/p>\n<p><strong>Enfin, le Conseil a pris les deux mesures individuelles suivantes :<\/strong><\/p>\n<p>Minist\u00e8re de l\u2019Equipement et des Transports<\/p>\n<p>Cabinet du Ministre<\/p>\n<p>\u2013 Charg\u00e9 de mission : Wone Ousmane, pr\u00e9c\u00e9demment Directeur des Infrastructures de Transport<\/p>\n<p>Administration Centrale<\/p>\n<p>Direction des Infrastructures de Transport<\/p>\n<p>Directeur : Gaye Moussa, pr\u00e9c\u00e9demment Conseiller Technique au Minist\u00e8re de l\u2019Habitat, de l\u2019Urbanisme et de l\u2019Am\u00e9nagement du Territoire.<\/p>\n<p>Ami<\/p>\n","protected":false},"excerpt":{"rendered":"<p>Le Conseil des Ministres s\u2019est r\u00e9uni le Mercredi le 30 octobre 2024, sous la Pr\u00e9sidence de Son Excellence Monsieur Mohamed Ould Cheikh El-Ghazouani, Pr\u00e9sident de la R\u00e9publique. Le Conseil a examin\u00e9 et adopt\u00e9 les projets de d\u00e9crets suivants : \u2010 Projet de d\u00e9cret portant nomination du Pr\u00e9sident du Conseil d\u2019Administration de l\u2019Ecole Nationale d\u2019Administration de &hellip;<\/p>\n","protected":false},"author":2,"featured_media":10415,"comment_status":"open","ping_status":"open","sticky":false,"template":"","format":"standard","meta":{"footnotes":""},"categories":[18],"tags":[],"class_list":["post-12296","post","type-post","status-publish","format-standard","has-post-thumbnail","hentry","category-actualites"],"_links":{"self":[{"href":"https:\/\/ladepeche.mr\/index.php?rest_route=\/wp\/v2\/posts\/12296","targetHints":{"allow":["GET"]}}],"collection":[{"href":"https:\/\/ladepeche.mr\/index.php?rest_route=\/wp\/v2\/posts"}],"about":[{"href":"https:\/\/ladepeche.mr\/index.php?rest_route=\/wp\/v2\/types\/post"}],"author":[{"embeddable":true,"href":"https:\/\/ladepeche.mr\/index.php?rest_route=\/wp\/v2\/users\/2"}],"replies":[{"embeddable":true,"href":"https:\/\/ladepeche.mr\/index.php?rest_route=%2Fwp%2Fv2%2Fcomments&post=12296"}],"version-history":[{"count":1,"href":"https:\/\/ladepeche.mr\/index.php?rest_route=\/wp\/v2\/posts\/12296\/revisions"}],"predecessor-version":[{"id":12297,"href":"https:\/\/ladepeche.mr\/index.php?rest_route=\/wp\/v2\/posts\/12296\/revisions\/12297"}],"wp:featuredmedia":[{"embeddable":true,"href":"https:\/\/ladepeche.mr\/index.php?rest_route=\/wp\/v2\/media\/10415"}],"wp:attachment":[{"href":"https:\/\/ladepeche.mr\/index.php?rest_route=%2Fwp%2Fv2%2Fmedia&parent=12296"}],"wp:term":[{"taxonomy":"category","embeddable":true,"href":"https:\/\/ladepeche.mr\/index.php?rest_route=%2Fwp%2Fv2%2Fcategories&post=12296"},{"taxonomy":"post_tag","embeddable":true,"href":"https:\/\/ladepeche.mr\/index.php?rest_route=%2Fwp%2Fv2%2Ftags&post=12296"}],"curies":[{"name":"wp","href":"https:\/\/api.w.org\/{rel}","templated":true}]}}