{"id":12302,"date":"2024-10-31T12:25:36","date_gmt":"2024-10-31T12:25:36","guid":{"rendered":"https:\/\/ladepeche.mr\/?p=12302"},"modified":"2024-10-31T12:26:36","modified_gmt":"2024-10-31T12:26:36","slug":"le-ministre-des-affaires-etrangeres-recoit-la-representante-speciale-de-lue-pour-le-sahel","status":"publish","type":"post","link":"https:\/\/ladepeche.mr\/?p=12302","title":{"rendered":"Le ministre des Affaires \u00e9trang\u00e8res re\u00e7oit la repr\u00e9sentante sp\u00e9ciale de l\u2019UE pour le Sahel"},"content":{"rendered":"<p>Le ministre des affaires \u00e9trang\u00e8res, de la coop\u00e9ration africaine et des mauritaniens de l\u2019ext\u00e9rieur, M. Mohamed Salem Ould Merzoug, a re\u00e7u, mercredi, Mme Emanuela DEL RE, repr\u00e9sentante sp\u00e9ciale de l\u2019Union europ\u00e9enne pour le Sahel, qui est actuellement en visite dans notre pays.<\/p>\n<p>L\u2019entretien a port\u00e9 sur les relations bilat\u00e9rales entre la Mauritanie et l\u2019Union europ\u00e9enne et les moyens de les renforcer et de les d\u00e9velopper, ainsi que sur les questions et d\u00e9veloppements d\u2019int\u00e9r\u00eat commun.<\/p>\n<p>La r\u00e9union s\u2019est d\u00e9roul\u00e9e en pr\u00e9sence de M. Cheikh Sid\u2019Ahmed Mohamed Saleck, Ambassadeur, Directeur de la Ligue des Etats Arabes et de l\u2019Organisation de la Coop\u00e9ration Islamique, par int\u00e9rim, Directeur de l\u2019Union Europ\u00e9enne, du Maghreb et des Partenaires M\u00e9diterran\u00e9ens \u00e0 la Direction G\u00e9n\u00e9rale de la Coop\u00e9ration Multilat\u00e9rale.<\/p>\n","protected":false},"excerpt":{"rendered":"<p>Le ministre des affaires \u00e9trang\u00e8res, de la coop\u00e9ration africaine et des mauritaniens de l\u2019ext\u00e9rieur, M. Mohamed Salem Ould Merzoug, a re\u00e7u, mercredi, Mme Emanuela DEL RE, repr\u00e9sentante sp\u00e9ciale de l\u2019Union europ\u00e9enne pour le Sahel, qui est actuellement en visite dans notre pays. L\u2019entretien a port\u00e9 sur les relations bilat\u00e9rales entre la Mauritanie et l\u2019Union europ\u00e9enne &hellip;<\/p>\n","protected":false},"author":2,"featured_media":12303,"comment_status":"open","ping_status":"open","sticky":false,"template":"","format":"standard","meta":{"footnotes":""},"categories":[18,29],"tags":[],"class_list":["post-12302","post","type-post","status-publish","format-standard","has-post-thumbnail","hentry","category-actualites","category-monde"],"_links":{"self":[{"href":"https:\/\/ladepeche.mr\/index.php?rest_route=\/wp\/v2\/posts\/12302","targetHints":{"allow":["GET"]}}],"collection":[{"href":"https:\/\/ladepeche.mr\/index.php?rest_route=\/wp\/v2\/posts"}],"about":[{"href":"https:\/\/ladepeche.mr\/index.php?rest_route=\/wp\/v2\/types\/post"}],"author":[{"embeddable":true,"href":"https:\/\/ladepeche.mr\/index.php?rest_route=\/wp\/v2\/users\/2"}],"replies":[{"embeddable":true,"href":"https:\/\/ladepeche.mr\/index.php?rest_route=%2Fwp%2Fv2%2Fcomments&post=12302"}],"version-history":[{"count":1,"href":"https:\/\/ladepeche.mr\/index.php?rest_route=\/wp\/v2\/posts\/12302\/revisions"}],"predecessor-version":[{"id":12304,"href":"https:\/\/ladepeche.mr\/index.php?rest_route=\/wp\/v2\/posts\/12302\/revisions\/12304"}],"wp:featuredmedia":[{"embeddable":true,"href":"https:\/\/ladepeche.mr\/index.php?rest_route=\/wp\/v2\/media\/12303"}],"wp:attachment":[{"href":"https:\/\/ladepeche.mr\/index.php?rest_route=%2Fwp%2Fv2%2Fmedia&parent=12302"}],"wp:term":[{"taxonomy":"category","embeddable":true,"href":"https:\/\/ladepeche.mr\/index.php?rest_route=%2Fwp%2Fv2%2Fcategories&post=12302"},{"taxonomy":"post_tag","embeddable":true,"href":"https:\/\/ladepeche.mr\/index.php?rest_route=%2Fwp%2Fv2%2Ftags&post=12302"}],"curies":[{"name":"wp","href":"https:\/\/api.w.org\/{rel}","templated":true}]}}