{"id":12305,"date":"2024-10-31T12:30:30","date_gmt":"2024-10-31T12:30:30","guid":{"rendered":"https:\/\/ladepeche.mr\/?p=12305"},"modified":"2024-10-31T12:30:30","modified_gmt":"2024-10-31T12:30:30","slug":"le-president-de-la-republique-presente-ses-condoleances-au-roi-despagne-suite-aux-inondations-de-valence","status":"publish","type":"post","link":"https:\/\/ladepeche.mr\/?p=12305","title":{"rendered":"Le Pr\u00e9sident de la R\u00e9publique pr\u00e9sente ses condol\u00e9ances au Roi d\u2019Espagne suite aux inondations de Valence"},"content":{"rendered":"<article id=\"post-257711\" class=\"post-257711 post type-post status-publish format-standard has-post-thumbnail  category-fil-dactualite category-mauritanie category-slider-afficher category-slider-mauritanie single-post-content has-thumbnail\">\n<div class=\"entry-content clearfix single-post-content\">\n<p>Son Excellence le Pr\u00e9sident de la R\u00e9publique, Monsieur Mohamed Ould Cheikh El Ghazouani, a adress\u00e9, jeudi, un message de condol\u00e9ances \u00e0 Sa Majest\u00e9 le Roi Felipe VI du Royaume d\u2019Espagne, \u00e0 la suite des inondations survenues \u00e0 Valence.<\/p>\n<p>Le message est ainsi libell\u00e9 :<\/p>\n<p>\u00ab Majest\u00e9.<\/p>\n<p>C\u2019est avec une grande \u00e9motion que j\u2019ai re\u00e7u la nouvelle des inondations qui ont frapp\u00e9 la province de Valence, causant de lourdes pertes humaines et mat\u00e9rielles.<\/p>\n<p>En cette douloureuse circonstance, je pr\u00e9sente \u00e0 Votre Majest\u00e9, et \u00e0 travers vous au grand peuple espagnol, au nom du peuple et du gouvernement mauritaniens et en mon nom personnel, mes plus sinc\u00e8res condol\u00e9ances et ma solidarit\u00e9 avec le peuple espagnol ami et les familles des victimes.<\/p>\n<p>Je vous prie d\u2019agr\u00e9er, Majest\u00e9, l\u2019expression de mes profonds sentiments de solidarit\u00e9, d\u2019affection et de consid\u00e9ration.<\/p>\n<p>Mohamed Ould Cheikh El Ghazouani \u00bb.<\/p>\n<div class=\"heateorSssClear\"><\/div>\n<div class=\"heateor_sss_sharing_container heateor_sss_horizontal_sharing\" data-heateor-sss-href=\"https:\/\/ami.mr\/fr\/archives\/257711\">\n<div class=\"heateor_sss_sharing_title\"><\/div>\n<div class=\"heateor_sss_sharing_ul\"><\/div>\n<div class=\"heateorSssClear\"><\/div>\n<\/div>\n<div class=\"heateorSssClear\"><\/div>\n<\/div>\n<\/article>\n<section class=\"next-prev-post clearfix\">\n<div class=\"prev-post\">\n<p class=\"pre-title heading-typo\">\n<\/div>\n<\/section>\n","protected":false},"excerpt":{"rendered":"<p>Son Excellence le Pr\u00e9sident de la R\u00e9publique, Monsieur Mohamed Ould Cheikh El Ghazouani, a adress\u00e9, jeudi, un message de condol\u00e9ances \u00e0 Sa Majest\u00e9 le Roi Felipe VI du Royaume d\u2019Espagne, \u00e0 la suite des inondations survenues \u00e0 Valence. Le message est ainsi libell\u00e9 : \u00ab Majest\u00e9. C\u2019est avec une grande \u00e9motion que j\u2019ai re\u00e7u la &hellip;<\/p>\n","protected":false},"author":2,"featured_media":12306,"comment_status":"open","ping_status":"open","sticky":false,"template":"","format":"standard","meta":{"footnotes":""},"categories":[18,29],"tags":[],"class_list":["post-12305","post","type-post","status-publish","format-standard","has-post-thumbnail","hentry","category-actualites","category-monde"],"_links":{"self":[{"href":"https:\/\/ladepeche.mr\/index.php?rest_route=\/wp\/v2\/posts\/12305","targetHints":{"allow":["GET"]}}],"collection":[{"href":"https:\/\/ladepeche.mr\/index.php?rest_route=\/wp\/v2\/posts"}],"about":[{"href":"https:\/\/ladepeche.mr\/index.php?rest_route=\/wp\/v2\/types\/post"}],"author":[{"embeddable":true,"href":"https:\/\/ladepeche.mr\/index.php?rest_route=\/wp\/v2\/users\/2"}],"replies":[{"embeddable":true,"href":"https:\/\/ladepeche.mr\/index.php?rest_route=%2Fwp%2Fv2%2Fcomments&post=12305"}],"version-history":[{"count":1,"href":"https:\/\/ladepeche.mr\/index.php?rest_route=\/wp\/v2\/posts\/12305\/revisions"}],"predecessor-version":[{"id":12307,"href":"https:\/\/ladepeche.mr\/index.php?rest_route=\/wp\/v2\/posts\/12305\/revisions\/12307"}],"wp:featuredmedia":[{"embeddable":true,"href":"https:\/\/ladepeche.mr\/index.php?rest_route=\/wp\/v2\/media\/12306"}],"wp:attachment":[{"href":"https:\/\/ladepeche.mr\/index.php?rest_route=%2Fwp%2Fv2%2Fmedia&parent=12305"}],"wp:term":[{"taxonomy":"category","embeddable":true,"href":"https:\/\/ladepeche.mr\/index.php?rest_route=%2Fwp%2Fv2%2Fcategories&post=12305"},{"taxonomy":"post_tag","embeddable":true,"href":"https:\/\/ladepeche.mr\/index.php?rest_route=%2Fwp%2Fv2%2Ftags&post=12305"}],"curies":[{"name":"wp","href":"https:\/\/api.w.org\/{rel}","templated":true}]}}