{"id":12311,"date":"2024-10-31T12:37:32","date_gmt":"2024-10-31T12:37:32","guid":{"rendered":"https:\/\/ladepeche.mr\/?p=12311"},"modified":"2024-10-31T12:37:32","modified_gmt":"2024-10-31T12:37:32","slug":"inondations-region-de-valence-sm-le-roi-mohammed-vi-adresse-un-message-de-condoleances-et-de-compassion-aux-souverains-despagne","status":"publish","type":"post","link":"https:\/\/ladepeche.mr\/?p=12311","title":{"rendered":"Inondations r\u00e9gion de Valence- SM le Roi Mohammed VI adresse un message de condol\u00e9ances et de compassion aux Souverains d\u2019Espagne"},"content":{"rendered":"<p>Rabat &#8211; Suite aux inondations survenues dans la r\u00e9gion de Valence, SM le Roi Mohammed VI a adress\u00e9 un message de condol\u00e9ances et de compassion aux Souverains d\u2019Espagne, SM le Roi Felipe VI et Sa Majest\u00e9 la Reine Letizia.<\/p>\n<p>Dans ce message Royal, SM le Roi du Maroc affirme \u2018\u2019 avoir appris avec une profonde \u00e9motion la triste nouvelle des inondations ayant touch\u00e9 la r\u00e9gion de Valence, provoquant des pertes en vies humaines et d\u2019importants d\u00e9g\u00e2ts mat\u00e9riels\u2019\u2019.<\/p>\n<p>Face \u00e0 de tels \u00e9v\u00e9nements tragiques, &#8220;Nous tenons \u00e0 exprimer \u00e0 vos Majest\u00e9s Nos condol\u00e9ances les plus sinc\u00e8res et Nos profonds sentiments de compassion et de solidarit\u00e9&#8221;, ainsi qu\u2019aux familles et proches des sinistr\u00e9s et \u00e0 l\u2019ensemble du peuple espagnol ami, \u00e9crit le Souverain.<\/p>\n<p>&#8220;Nous vous prions, Majest\u00e9s, d\u2019accepter l\u2019expression de Nos sentiments de sympathie et de solidarit\u00e9, ainsi que de Notre profonde affection et consid\u00e9ration&#8221;, conclut le message de Sa Majest\u00e9 le Roi.<\/p>\n<p>Face \u00e0 cette catastrophe tragique, et Sur Hautes Instructions Royales, le ministre marocain de l\u2019int\u00e9rieur, Abdelouafi Laftit, a contact\u00e9 son homologue espagnol pour r\u00e9it\u00e9rer les expressions de condol\u00e9ances et de solidarit\u00e9 tout en l\u2019informant que le Royaume du Maroc est pleinement dispos\u00e9 \u00e0 d\u00e9ployer des \u00e9quipes de secours et \u00e0 fournir toute l\u2019aide n\u00e9cessaire \u00e0 l\u2019Espagne.<\/p>\n<p>(m\u00e9dias)<\/p>\n","protected":false},"excerpt":{"rendered":"<p>Rabat &#8211; Suite aux inondations survenues dans la r\u00e9gion de Valence, SM le Roi Mohammed VI a adress\u00e9 un message de condol\u00e9ances et de compassion aux Souverains d\u2019Espagne, SM le Roi Felipe VI et Sa Majest\u00e9 la Reine Letizia. Dans ce message Royal, SM le Roi du Maroc affirme \u2018\u2019 avoir appris avec une profonde &hellip;<\/p>\n","protected":false},"author":2,"featured_media":12312,"comment_status":"open","ping_status":"open","sticky":false,"template":"","format":"standard","meta":{"footnotes":""},"categories":[18,29],"tags":[],"class_list":["post-12311","post","type-post","status-publish","format-standard","has-post-thumbnail","hentry","category-actualites","category-monde"],"_links":{"self":[{"href":"https:\/\/ladepeche.mr\/index.php?rest_route=\/wp\/v2\/posts\/12311","targetHints":{"allow":["GET"]}}],"collection":[{"href":"https:\/\/ladepeche.mr\/index.php?rest_route=\/wp\/v2\/posts"}],"about":[{"href":"https:\/\/ladepeche.mr\/index.php?rest_route=\/wp\/v2\/types\/post"}],"author":[{"embeddable":true,"href":"https:\/\/ladepeche.mr\/index.php?rest_route=\/wp\/v2\/users\/2"}],"replies":[{"embeddable":true,"href":"https:\/\/ladepeche.mr\/index.php?rest_route=%2Fwp%2Fv2%2Fcomments&post=12311"}],"version-history":[{"count":1,"href":"https:\/\/ladepeche.mr\/index.php?rest_route=\/wp\/v2\/posts\/12311\/revisions"}],"predecessor-version":[{"id":12313,"href":"https:\/\/ladepeche.mr\/index.php?rest_route=\/wp\/v2\/posts\/12311\/revisions\/12313"}],"wp:featuredmedia":[{"embeddable":true,"href":"https:\/\/ladepeche.mr\/index.php?rest_route=\/wp\/v2\/media\/12312"}],"wp:attachment":[{"href":"https:\/\/ladepeche.mr\/index.php?rest_route=%2Fwp%2Fv2%2Fmedia&parent=12311"}],"wp:term":[{"taxonomy":"category","embeddable":true,"href":"https:\/\/ladepeche.mr\/index.php?rest_route=%2Fwp%2Fv2%2Fcategories&post=12311"},{"taxonomy":"post_tag","embeddable":true,"href":"https:\/\/ladepeche.mr\/index.php?rest_route=%2Fwp%2Fv2%2Ftags&post=12311"}],"curies":[{"name":"wp","href":"https:\/\/api.w.org\/{rel}","templated":true}]}}