{"id":12314,"date":"2024-10-31T13:00:52","date_gmt":"2024-10-31T13:00:52","guid":{"rendered":"https:\/\/ladepeche.mr\/?p=12314"},"modified":"2024-10-31T12:41:00","modified_gmt":"2024-10-31T12:41:00","slug":"les-investissements-publics-francais-au-maroc-se-poursuivront-y-compris-au-sahara-president-e-macron","status":"publish","type":"post","link":"https:\/\/ladepeche.mr\/?p=12314","title":{"rendered":"Les investissements publics fran\u00e7ais au Maroc se poursuivront y compris au Sahara (Pr\u00e9sident E.Macron)"},"content":{"rendered":"<p>S\u2019exprimant devant les chefs d\u2019entreprises et les op\u00e9rateurs \u00e9conomiques \u00e0 la cl\u00f4ture, mardi \u00e0 Rabat, de la &#8220;Rencontre entrepreneuriale Maroc-France&#8221;, le Pr\u00e9sident Emmanuel Macron a relev\u00e9 que le Royaume est &#8220;le premier client&#8221; de l\u2019Agence fran\u00e7aise de d\u00e9veloppement (AFD) en termes d\u2019investissements, assurant que l\u2019AFD continuera de financer des projets dans le Royaume, y compris ceux port\u00e9s par les entreprises fran\u00e7aises au Sahara.<\/p>\n<p>Il a soulign\u00e9, \u00e0 ce propos, que la France entend d\u00e9velopper avec le Maroc un partenariat \u00e9conomique \u00e9quitable et gagnant-gagnant, eu \u00e9gard aux multiples compl\u00e9mentarit\u00e9s entre les \u00e9conomies des deux pays. Le Pr\u00e9sident fran\u00e7ais a ainsi mis en avant le partenariat industriel existant dans plusieurs domaines, appelant \u00e0 une plus grande int\u00e9gration des cha\u00eenes de valeur face \u00e0 un contexte de &#8220;re-r\u00e9gionalisation des tarifs&#8221;.<\/p>\n<p>Par ailleurs, M. Emmanuel Macron a dit regretter le fait que des groupes financiers europ\u00e9ens et fran\u00e7ais soient contraints de quitter l\u2019Afrique &#8220;en raison des r\u00e8gles et des normes de r\u00e9gulation que les Europ\u00e9ens ont pris pour eux-m\u00eames&#8221;. &#8220;Je pense que c&#8217;est une erreur strat\u00e9gique terrible. (\u2026) nous, Europ\u00e9ens, avons \u00e0 nous interroger sur les r\u00e8gles et les restrictions que nous avons pos\u00e9es \u00e0 nos \u00e9tablissements&#8221;, a estim\u00e9 le chef d\u2019Etat fran\u00e7ais lors de cette rencontre d\u00e9di\u00e9e aux secteurs strat\u00e9giques d&#8217;avenir.<\/p>\n<p>Co-organis\u00e9e par la Conf\u00e9d\u00e9ration g\u00e9n\u00e9rale des entreprises du Maroc (CGEM) et le Mouvement des entreprises de France (MEDEF), via le Club des Chefs d\u2019Entreprises France-Maroc, cette rencontre rev\u00eat une importance particuli\u00e8re dans le contexte de la visite d\u2019\u00c9tat qu\u2019effectue dans le Royaume le Pr\u00e9sident de la R\u00e9publique Fran\u00e7aise, S.E.M. Emmanuel Macron, sur invitation de SM le Roi Mohammed VI.<\/p>\n<p>(avec m\u00e9dias)<\/p>\n","protected":false},"excerpt":{"rendered":"<p>S\u2019exprimant devant les chefs d\u2019entreprises et les op\u00e9rateurs \u00e9conomiques \u00e0 la cl\u00f4ture, mardi \u00e0 Rabat, de la &#8220;Rencontre entrepreneuriale Maroc-France&#8221;, le Pr\u00e9sident Emmanuel Macron a relev\u00e9 que le Royaume est &#8220;le premier client&#8221; de l\u2019Agence fran\u00e7aise de d\u00e9veloppement (AFD) en termes d\u2019investissements, assurant que l\u2019AFD continuera de financer des projets dans le Royaume, y compris &hellip;<\/p>\n","protected":false},"author":2,"featured_media":12315,"comment_status":"open","ping_status":"open","sticky":false,"template":"","format":"standard","meta":{"footnotes":""},"categories":[18,29],"tags":[],"class_list":["post-12314","post","type-post","status-publish","format-standard","has-post-thumbnail","hentry","category-actualites","category-monde"],"_links":{"self":[{"href":"https:\/\/ladepeche.mr\/index.php?rest_route=\/wp\/v2\/posts\/12314","targetHints":{"allow":["GET"]}}],"collection":[{"href":"https:\/\/ladepeche.mr\/index.php?rest_route=\/wp\/v2\/posts"}],"about":[{"href":"https:\/\/ladepeche.mr\/index.php?rest_route=\/wp\/v2\/types\/post"}],"author":[{"embeddable":true,"href":"https:\/\/ladepeche.mr\/index.php?rest_route=\/wp\/v2\/users\/2"}],"replies":[{"embeddable":true,"href":"https:\/\/ladepeche.mr\/index.php?rest_route=%2Fwp%2Fv2%2Fcomments&post=12314"}],"version-history":[{"count":1,"href":"https:\/\/ladepeche.mr\/index.php?rest_route=\/wp\/v2\/posts\/12314\/revisions"}],"predecessor-version":[{"id":12316,"href":"https:\/\/ladepeche.mr\/index.php?rest_route=\/wp\/v2\/posts\/12314\/revisions\/12316"}],"wp:featuredmedia":[{"embeddable":true,"href":"https:\/\/ladepeche.mr\/index.php?rest_route=\/wp\/v2\/media\/12315"}],"wp:attachment":[{"href":"https:\/\/ladepeche.mr\/index.php?rest_route=%2Fwp%2Fv2%2Fmedia&parent=12314"}],"wp:term":[{"taxonomy":"category","embeddable":true,"href":"https:\/\/ladepeche.mr\/index.php?rest_route=%2Fwp%2Fv2%2Fcategories&post=12314"},{"taxonomy":"post_tag","embeddable":true,"href":"https:\/\/ladepeche.mr\/index.php?rest_route=%2Fwp%2Fv2%2Ftags&post=12314"}],"curies":[{"name":"wp","href":"https:\/\/api.w.org\/{rel}","templated":true}]}}