{"id":12317,"date":"2024-10-31T12:49:18","date_gmt":"2024-10-31T12:49:18","guid":{"rendered":"https:\/\/ladepeche.mr\/?p=12317"},"modified":"2024-10-31T12:49:18","modified_gmt":"2024-10-31T12:49:18","slug":"espagne-au-moins-95-morts-dans-des-inondations-causees-par-des-pluies-torrentielles","status":"publish","type":"post","link":"https:\/\/ladepeche.mr\/?p=12317","title":{"rendered":"Espagne : au moins 95 morts dans des inondations caus\u00e9es par des pluies torrentielles"},"content":{"rendered":"<p>Des inondations provoqu\u00e9es par des pluies torrentielles ont co\u00fbt\u00e9 la vie \u00e0 au moins 95 personnes dans le sud-est de l&#8217;Espagne dans la nuit de mardi 29 \u00e0 mercredi 30 octobre.<\/p>\n<p>Dans un communiqu\u00e9 publi\u00e9 ce mercredi, le Centre de coordination des urgences du gouvernement autonome de Valence (est de l\u2019Espagne) &#8211; une des provinces les plus sinistr\u00e9es par les pluies torrentielles &#8211; a indiqu\u00e9 que les corps de 92 personnes ont \u00e9t\u00e9 retrouv\u00e9s.<\/p>\n<p>Le communiqu\u00e9 ajoute que trois morts ont \u00e9t\u00e9 recens\u00e9s dans la r\u00e9gion voisine de Castille-La Manche, situ\u00e9e entre Madrid et Valence.<\/p>\n<p>Les autorit\u00e9s locales ont \u00e9galement d\u00e9clar\u00e9 que de nombreuses personnes restent port\u00e9es disparues dans des zones difficilement accessibles, notamment dans la province de Valence.<\/p>\n<p>De son c\u00f4t\u00e9, la gendarmerie espagnole fait \u00e9tat de 1 200 personnes toujours bloqu\u00e9es dans la r\u00e9gion valencienne en raison des inondations d\u00e9vastatrices, tandis que plus de 5 000 v\u00e9hicules ont \u00e9t\u00e9 abandonn\u00e9s ou sont bloqu\u00e9s avec leurs passagers sur les autoroutes.<\/p>\n<p>Le gouvernement autonome de Valence (La Generalitat valenciana, gouvernement de la r\u00e9gion autonome qui rassemble les provinces de Valence, Castell\u00f3n et Alicante, ndlr) a annonc\u00e9 mercredi l&#8217;annulation des vols \u00e0 l&#8217;a\u00e9roport de la ville de Valence en raison des crues, et les avions ont \u00e9t\u00e9 dirig\u00e9s vers les a\u00e9roports les plus proches.<\/p>\n<p>Il a soulign\u00e9 que la province de Valence conna\u00eet le taux de pr\u00e9cipitations par m\u00e8tre carr\u00e9 le plus \u00e9lev\u00e9 depuis 1996, la quantit\u00e9 d\u2019eau ayant d\u00e9pass\u00e9 les 80 litres.<\/p>\n<p>Plus t\u00f4t ce mercredi, le Centre de coordination des urgences du gouvernement autonome de la r\u00e9gion valencienne a indiqu\u00e9 dans un communiqu\u00e9 que les corps d&#8217;au moins 51 personnes avaient \u00e9t\u00e9 retrouv\u00e9s dans les r\u00e9gions sinistr\u00e9es.<\/p>\n<p>aa.com.tr<\/p>\n","protected":false},"excerpt":{"rendered":"<p>Des inondations provoqu\u00e9es par des pluies torrentielles ont co\u00fbt\u00e9 la vie \u00e0 au moins 95 personnes dans le sud-est de l&#8217;Espagne dans la nuit de mardi 29 \u00e0 mercredi 30 octobre. Dans un communiqu\u00e9 publi\u00e9 ce mercredi, le Centre de coordination des urgences du gouvernement autonome de Valence (est de l\u2019Espagne) &#8211; une des provinces &hellip;<\/p>\n","protected":false},"author":2,"featured_media":12318,"comment_status":"open","ping_status":"open","sticky":false,"template":"","format":"standard","meta":{"footnotes":""},"categories":[18,29],"tags":[],"class_list":["post-12317","post","type-post","status-publish","format-standard","has-post-thumbnail","hentry","category-actualites","category-monde"],"_links":{"self":[{"href":"https:\/\/ladepeche.mr\/index.php?rest_route=\/wp\/v2\/posts\/12317","targetHints":{"allow":["GET"]}}],"collection":[{"href":"https:\/\/ladepeche.mr\/index.php?rest_route=\/wp\/v2\/posts"}],"about":[{"href":"https:\/\/ladepeche.mr\/index.php?rest_route=\/wp\/v2\/types\/post"}],"author":[{"embeddable":true,"href":"https:\/\/ladepeche.mr\/index.php?rest_route=\/wp\/v2\/users\/2"}],"replies":[{"embeddable":true,"href":"https:\/\/ladepeche.mr\/index.php?rest_route=%2Fwp%2Fv2%2Fcomments&post=12317"}],"version-history":[{"count":1,"href":"https:\/\/ladepeche.mr\/index.php?rest_route=\/wp\/v2\/posts\/12317\/revisions"}],"predecessor-version":[{"id":12319,"href":"https:\/\/ladepeche.mr\/index.php?rest_route=\/wp\/v2\/posts\/12317\/revisions\/12319"}],"wp:featuredmedia":[{"embeddable":true,"href":"https:\/\/ladepeche.mr\/index.php?rest_route=\/wp\/v2\/media\/12318"}],"wp:attachment":[{"href":"https:\/\/ladepeche.mr\/index.php?rest_route=%2Fwp%2Fv2%2Fmedia&parent=12317"}],"wp:term":[{"taxonomy":"category","embeddable":true,"href":"https:\/\/ladepeche.mr\/index.php?rest_route=%2Fwp%2Fv2%2Fcategories&post=12317"},{"taxonomy":"post_tag","embeddable":true,"href":"https:\/\/ladepeche.mr\/index.php?rest_route=%2Fwp%2Fv2%2Ftags&post=12317"}],"curies":[{"name":"wp","href":"https:\/\/api.w.org\/{rel}","templated":true}]}}