{"id":12320,"date":"2024-10-31T13:26:22","date_gmt":"2024-10-31T13:26:22","guid":{"rendered":"https:\/\/ladepeche.mr\/?p=12320"},"modified":"2024-10-31T13:44:53","modified_gmt":"2024-10-31T13:44:53","slug":"sante-autorisations-de-mise-sur-le-marche-3-mois-pour-la-regularisation-des-statuts","status":"publish","type":"post","link":"https:\/\/ladepeche.mr\/?p=12320","title":{"rendered":"M\u00e9dicament-Autorisations de mise sur le march\u00e9\u00a0: Trois mois pour la r\u00e9gularisation des statuts"},"content":{"rendered":"<p>Sous la houlette du premier Ministre qui en pr\u00e9sidait la r\u00e9union, le comit\u00e9 minist\u00e9riel en charge du m\u00e9dicament a d\u00e9cid\u00e9, entre autres mesures, de fixer un d\u00e9lai de 3 mois, \u00e0 partir de sa r\u00e9union, pour une r\u00e9gularisation des statuts des autorisations de mise sur le march\u00e9 des m\u00e9dicaments.<\/p>\n<p>La r\u00e9union au cours de laquelle le ministre de la sant\u00e9 a pr\u00e9sent\u00e9 une communication sur les d\u00e9fis et des enjeux du m\u00e9dicament dans notre pays a \u00e9galement pris des mesures en termes de s\u00e9curit\u00e9 de transport des m\u00e9dicaments. D\u2019autres mesures concernant l\u2019harmonisation des zones de stockage et l\u2019uniformisation des prix des m\u00e9dicaments \u00e0 l\u2019\u00e9chelle nationale ont \u00e9t\u00e9 \u00e9galement \u00e9t\u00e9 prise lors de cette r\u00e9union.<\/p>\n<p>Lors de la rencontre le premier Ministre, Ould Diaye, rappel\u00e9 ales directives de Son Excellence Monsieur le Pr\u00e9sident de la R\u00e9publique, en application de son programme \u00e9lectoral \u00ab Mon Ambition pour la Nation \u00bb, pour disponibiliser des m\u00e9dicaments de qualit\u00e9 au profit des citoyens. Il a, \u00e0 cet effet, r\u00e9it\u00e9r\u00e9 l&#8217;importance de la qualit\u00e9 des m\u00e9dicaments et exhort\u00e9 le d\u00e9partement concern\u00e9 \u00e0 cr\u00e9er des synergies avec toutes les structures publiques impliqu\u00e9es dans le processus de son importation.<\/p>\n<p>A noter enfin que la politique pharmaceutique nationale, ax\u00e9e sur plusieurs imp\u00e9ratifs, vise \u00e0 assurer la disponibilit\u00e9, l\u2019accessibilit\u00e9 et la qualit\u00e9 du m\u00e9dicament au travers de toute la chaine de sa manipulation.<\/p>\n","protected":false},"excerpt":{"rendered":"<p>Sous la houlette du premier Ministre qui en pr\u00e9sidait la r\u00e9union, le comit\u00e9 minist\u00e9riel en charge du m\u00e9dicament a d\u00e9cid\u00e9, entre autres mesures, de fixer un d\u00e9lai de 3 mois, \u00e0 partir de sa r\u00e9union, pour une r\u00e9gularisation des statuts des autorisations de mise sur le march\u00e9 des m\u00e9dicaments. La r\u00e9union au cours de laquelle &hellip;<\/p>\n","protected":false},"author":2,"featured_media":12321,"comment_status":"open","ping_status":"open","sticky":false,"template":"","format":"standard","meta":{"footnotes":""},"categories":[18,27],"tags":[],"class_list":["post-12320","post","type-post","status-publish","format-standard","has-post-thumbnail","hentry","category-actualites","category-sante"],"_links":{"self":[{"href":"https:\/\/ladepeche.mr\/index.php?rest_route=\/wp\/v2\/posts\/12320","targetHints":{"allow":["GET"]}}],"collection":[{"href":"https:\/\/ladepeche.mr\/index.php?rest_route=\/wp\/v2\/posts"}],"about":[{"href":"https:\/\/ladepeche.mr\/index.php?rest_route=\/wp\/v2\/types\/post"}],"author":[{"embeddable":true,"href":"https:\/\/ladepeche.mr\/index.php?rest_route=\/wp\/v2\/users\/2"}],"replies":[{"embeddable":true,"href":"https:\/\/ladepeche.mr\/index.php?rest_route=%2Fwp%2Fv2%2Fcomments&post=12320"}],"version-history":[{"count":3,"href":"https:\/\/ladepeche.mr\/index.php?rest_route=\/wp\/v2\/posts\/12320\/revisions"}],"predecessor-version":[{"id":12331,"href":"https:\/\/ladepeche.mr\/index.php?rest_route=\/wp\/v2\/posts\/12320\/revisions\/12331"}],"wp:featuredmedia":[{"embeddable":true,"href":"https:\/\/ladepeche.mr\/index.php?rest_route=\/wp\/v2\/media\/12321"}],"wp:attachment":[{"href":"https:\/\/ladepeche.mr\/index.php?rest_route=%2Fwp%2Fv2%2Fmedia&parent=12320"}],"wp:term":[{"taxonomy":"category","embeddable":true,"href":"https:\/\/ladepeche.mr\/index.php?rest_route=%2Fwp%2Fv2%2Fcategories&post=12320"},{"taxonomy":"post_tag","embeddable":true,"href":"https:\/\/ladepeche.mr\/index.php?rest_route=%2Fwp%2Fv2%2Ftags&post=12320"}],"curies":[{"name":"wp","href":"https:\/\/api.w.org\/{rel}","templated":true}]}}