{"id":12324,"date":"2024-10-31T14:00:31","date_gmt":"2024-10-31T14:00:31","guid":{"rendered":"https:\/\/ladepeche.mr\/?p=12324"},"modified":"2024-10-31T13:36:43","modified_gmt":"2024-10-31T13:36:43","slug":"destruction-de-gaza-le-monde-occidental-naura-plus-de-lecons-de-droits-humains-a-donner","status":"publish","type":"post","link":"https:\/\/ladepeche.mr\/?p=12324","title":{"rendered":"Destruction de Gaza : &#8220;Le monde occidental n\u2019aura plus de le\u00e7ons de droits humains \u00e0 donner&#8221;"},"content":{"rendered":"<p>La destruction \u00e0 grande \u00e9chelle de Gaza et la mort sous les bombes isra\u00e9liennes de plus de 41\u00a0000 Palestiniens, dont une large majorit\u00e9 de civils, se sont accomplies sous le regard passif des principaux pays occidentaux. Une &#8220;abdication morale&#8221;, selon le chercheur Didier Fassin, qui d\u00e9crypte dans un r\u00e9cent essai la gen\u00e8se de &#8220;l&#8217;acquiescement \u00e0 l&#8217;an\u00e9antissement de Gaza&#8221;.<\/p>\n<p>La tour Eiffel s&#8217;est \u00e9teinte pendant quelques minutes, lundi soir, pour comm\u00e9morer les quelque\u00a0<a href=\"https:\/\/www.france24.com\/fr\/moyen-orient\/20241007-attaques-terroristes-du-7-octobre-par-le-hamas-le-jour-le-plus-meurtrier-de-l-histoire-d-isra%C3%ABl\" target=\"_self\" rel=\"noopener\">1\u00a0200 victimes de la s\u00e9rie d&#8217;attaques terroristes du 7-Octobre<\/a>\u00a0en Isra\u00ebl.\u00a0&#8220;Cet attentat ignoble, le premier pogrom du XXI<sup>e<\/sup>\u00a0si\u00e8cle, a plong\u00e9 le Proche-Orient dans un chaos o\u00f9 les victimes civiles se comptent en dizaines de milliers&#8221;,\u00a0<a href=\"https:\/\/www.francetvinfo.fr\/monde\/proche-orient\/israel-palestine\/la-tour-eiffel-va-s-eteindre-en-hommage-aux-victimes-du-7-octobre_6823958.html\" target=\"_blank\" rel=\"noopener\">a\u00a0indiqu\u00e9\u00a0la mairie de Paris<\/a>,\u00a0sans pr\u00e9ciser que ces\u00a0derni\u00e8res\u00a0\u00e9taient en\u00a0majorit\u00e9\u00a0des\u00a0<a href=\"https:\/\/www.lemonde.fr\/international\/article\/2024\/10\/08\/israel-hamas-pres-de-2-de-la-population-de-gaza-tues-dans-les-bombardements_6346499_3210.html\" target=\"_blank\" rel=\"noopener\">femmes et des enfants\u00a0palestiniens tu\u00e9s par l&#8217;arm\u00e9e isra\u00e9lienne<\/a>. En un an de bombardements sur Gaza,\u00a0les autorit\u00e9s parisiennes n&#8217;ont pas utilis\u00e9 la Dame de Fer pour\u00a0d\u00e9noncer\u00a0le terrible bilan humain dans l&#8217;enclave palestinienne.<\/p>\n<p>L&#8217;extr\u00eame violence de l&#8217;attaque du Hamas, organisation consid\u00e9r\u00e9e comme terroriste par l&#8217;Union europ\u00e9enne et les \u00c9tats-Unis, avait aussit\u00f4t provoqu\u00e9 une vague de soutien \u00e0 Isra\u00ebl. L&#8217;intensit\u00e9 des destructions \u00e0 Gaza et le bilan humain sans pr\u00e9c\u00e9dent des repr\u00e9sailles isra\u00e9liennes ont finalement amen\u00e9 plusieurs dirigeants occidentaux \u00e0 appeler \u00e0 un cessez-le-feu. &#8220;Je pense qu&#8217;aujourd&#8217;hui, la priorit\u00e9, c&#8217;est qu&#8217;on revienne \u00e0 une solution politique, qu&#8217;on cesse de livrer les armes pour mener les combats sur Gaza<em>&#8220;<\/em>,\u00a0<a href=\"https:\/\/www.radiofrance.fr\/franceinter\/podcasts\/etcetera\/etcetera-du-samedi-05-octobre-2024-1666841\" target=\"_blank\" rel=\"noopener\">a d\u00e9clar\u00e9 le pr\u00e9sident fran\u00e7ais Emmanuel Macron lors de l&#8217;\u00e9mission &#8220;Etcetera&#8221; sur France Inter<\/a>, enregistr\u00e9e le 1<sup>er<\/sup>\u00a0octobre.<\/p>\n<p>Pour Didier Fassin,\u00a0enseignant\u00a0\u00e0\u00a0Princeton et\u00a0<a href=\"https:\/\/www.college-de-france.fr\/fr\/chaire\/didier-fassin-questions-morales-et-enjeux-politiques-dans-les-societes-contemporaines-chaire-statutaire\" target=\"_blank\" rel=\"noopener\">professeur\u00a0au Coll\u00e8ge de France<\/a>, o\u00f9 il est titulaire de la chaire &#8220;Questions morales et enjeux politiques dans les soci\u00e9t\u00e9s contemporaines&#8221;, c&#8217;est\u00a0d&#8217;abord\u00a0le sens moral de l&#8217;Occident qui s&#8217;est \u00e9teint depuis les attaques terroristes du 7-Octobre.<\/p>\n<p>Dans son r\u00e9cent ouvrage\u00a0<a href=\"https:\/\/www.editionsladecouverte.fr\/une_etrange_defaite-9782348085369\" target=\"_blank\" rel=\"noopener\">&#8220;Une \u00e9trange d\u00e9faite \u2013 sur le consentement \u00e0 l&#8217;\u00e9crasement de Gaza&#8221;<\/a>, le\u00a0sociologue et anthropologue\u00a0examine\u00a0comment de nombreux responsables occidentaux ont accept\u00e9 &#8220;la r\u00e9alit\u00e9 statistique que les vies de civils palestiniens valent plusieurs centaines de fois moins que les vies de civils isra\u00e9liens et l&#8217;affirmation que\u00a0la mort des premiers m\u00e9rite moins d&#8217;\u00eatre honor\u00e9e que celle des seconds&#8221;.<\/p>\n<div class=\"t-content__beside-sidebar\" data-article-content=\"\">\n<div class=\"t-content__body u-clearfix\">\n<p>La tour Eiffel s&#8217;est \u00e9teinte pendant quelques minutes, lundi soir, pour comm\u00e9morer les quelque\u00a0<a href=\"https:\/\/www.france24.com\/fr\/moyen-orient\/20241007-attaques-terroristes-du-7-octobre-par-le-hamas-le-jour-le-plus-meurtrier-de-l-histoire-d-isra%C3%ABl\" target=\"_self\" rel=\"noopener\">1\u00a0200 victimes de la s\u00e9rie d&#8217;attaques terroristes du 7-Octobre<\/a>\u00a0en Isra\u00ebl.\u00a0&#8220;Cet attentat ignoble, le premier pogrom du XXI<sup>e<\/sup>\u00a0si\u00e8cle, a plong\u00e9 le Proche-Orient dans un chaos o\u00f9 les victimes civiles se comptent en dizaines de milliers&#8221;,\u00a0<a href=\"https:\/\/www.francetvinfo.fr\/monde\/proche-orient\/israel-palestine\/la-tour-eiffel-va-s-eteindre-en-hommage-aux-victimes-du-7-octobre_6823958.html\" target=\"_blank\" rel=\"noopener\">a\u00a0indiqu\u00e9\u00a0la mairie de Paris<\/a>,\u00a0sans pr\u00e9ciser que ces\u00a0derni\u00e8res\u00a0\u00e9taient en\u00a0majorit\u00e9\u00a0des\u00a0<a href=\"https:\/\/www.lemonde.fr\/international\/article\/2024\/10\/08\/israel-hamas-pres-de-2-de-la-population-de-gaza-tues-dans-les-bombardements_6346499_3210.html\" target=\"_blank\" rel=\"noopener\">femmes et des enfants\u00a0palestiniens tu\u00e9s par l&#8217;arm\u00e9e isra\u00e9lienne<\/a>. En un an de bombardements sur Gaza,\u00a0les autorit\u00e9s parisiennes n&#8217;ont pas utilis\u00e9 la Dame de Fer pour\u00a0d\u00e9noncer\u00a0le terrible bilan humain dans l&#8217;enclave palestinienne.<\/p>\n<p>L&#8217;extr\u00eame violence de l&#8217;attaque du Hamas, organisation consid\u00e9r\u00e9e comme terroriste par l&#8217;Union europ\u00e9enne et les \u00c9tats-Unis, avait aussit\u00f4t provoqu\u00e9 une vague de soutien \u00e0 Isra\u00ebl. L&#8217;intensit\u00e9 des destructions \u00e0 Gaza et le bilan humain sans pr\u00e9c\u00e9dent des repr\u00e9sailles isra\u00e9liennes ont finalement amen\u00e9 plusieurs dirigeants occidentaux \u00e0 appeler \u00e0 un cessez-le-feu. &#8220;Je pense qu&#8217;aujourd&#8217;hui, la priorit\u00e9, c&#8217;est qu&#8217;on revienne \u00e0 une solution politique, qu&#8217;on cesse de livrer les armes pour mener les combats sur Gaza<em>&#8220;<\/em>,\u00a0<a href=\"https:\/\/www.radiofrance.fr\/franceinter\/podcasts\/etcetera\/etcetera-du-samedi-05-octobre-2024-1666841\" target=\"_blank\" rel=\"noopener\">a d\u00e9clar\u00e9 le pr\u00e9sident fran\u00e7ais Emmanuel Macron lors de l&#8217;\u00e9mission &#8220;Etcetera&#8221; sur France Inter<\/a>, enregistr\u00e9e le 1<sup>er<\/sup>\u00a0octobre.<\/p>\n<p>Pour Didier Fassin,\u00a0enseignant\u00a0\u00e0\u00a0Princeton et\u00a0<a href=\"https:\/\/www.college-de-france.fr\/fr\/chaire\/didier-fassin-questions-morales-et-enjeux-politiques-dans-les-societes-contemporaines-chaire-statutaire\" target=\"_blank\" rel=\"noopener\">professeur\u00a0au Coll\u00e8ge de France<\/a>, o\u00f9 il est titulaire de la chaire &#8220;Questions morales et enjeux politiques dans les soci\u00e9t\u00e9s contemporaines&#8221;, c&#8217;est\u00a0d&#8217;abord\u00a0le sens moral de l&#8217;Occident qui s&#8217;est \u00e9teint depuis les attaques terroristes du 7-Octobre.<\/p>\n<p>Dans son r\u00e9cent ouvrage\u00a0<a href=\"https:\/\/www.editionsladecouverte.fr\/une_etrange_defaite-9782348085369\" target=\"_blank\" rel=\"noopener\">&#8220;Une \u00e9trange d\u00e9faite \u2013 sur le consentement \u00e0 l&#8217;\u00e9crasement de Gaza&#8221;<\/a>, le\u00a0sociologue et anthropologue\u00a0examine\u00a0comment de nombreux responsables occidentaux ont accept\u00e9 &#8220;la r\u00e9alit\u00e9 statistique que les vies de civils palestiniens valent plusieurs centaines de fois moins que les vies de civils isra\u00e9liens et l&#8217;affirmation que\u00a0la mort des premiers m\u00e9rite moins d&#8217;\u00eatre honor\u00e9e que celle des seconds&#8221;.<\/p>\n<div class=\"m-em-image\">\n<figure class=\"m-figure m-figure--original\"><picture><source srcset=\"https:\/\/s.france24.com\/media\/display\/35a26e8e-867c-11ef-9d25-005056bfb2b6\/000_33YU6Y4.webp 2480w\" type=\"image\/webp\" \/><img loading=\"lazy\" decoding=\"async\" class=\"m-figure__img lazy loaded\" src=\"https:\/\/s.france24.com\/media\/display\/35a26e8e-867c-11ef-9d25-005056bfb2b6\/000_33YU6Y4.jpg\" srcset=\"https:\/\/s.france24.com\/media\/display\/35a26e8e-867c-11ef-9d25-005056bfb2b6\/000_33YU6Y4.jpg 2480w\" alt=\"Samia al-Atrash serre le corps d'un des enfants de sa soeur, tu\u00e9 dans un bombardement isra\u00e9lien sur Rafah le 21 octobre 2023. Selon l'ONU, le nombre d'enfants tu\u00e9s en quatre mois \u00e0 Gaza est plus \u00e9lev\u00e9\" width=\"2480\" height=\"1653\" data-ll-status=\"loaded\" \/><\/picture><figcaption class=\"m-figure__caption\"><span class=\"a-media-legend\">Samia al-Atrash serre le corps d&#8217;un des enfants de sa s\u0153ur, tu\u00e9 dans un bombardement isra\u00e9lien sur Rafah le 21 octobre 2023. Selon l&#8217;ONU, le nombre d&#8217;enfants tu\u00e9s en quatre mois \u00e0 Gaza est plus \u00e9lev\u00e9 que le nombre d\u2019enfants tu\u00e9s en quatre ans dans l\u2019ensemble des conflits \u00e0 travers le monde.<\/span>\u00a0<span class=\"a-media-legend\">\u00a9 Said Khatib, AFP<\/span><\/figcaption><\/figure>\n<\/div>\n<p>Le chercheur\u00a0y\u00a0\u00e9gr\u00e8ne les multiples raisons qui ont pouss\u00e9\u00a0de nombreux dirigeants occidentaux \u00e0\u00a0<a href=\"https:\/\/www.france24.com\/fr\/france\/20231022-ya%C3%ABl-braun-pivet-en-isra%C3%ABl-avec-les-faucons-de-lr-un-voyage-qui-s%C3%A8me-le-trouble\" target=\"_self\" rel=\"noopener\">apporter un &#8220;soutien inconditionnel&#8221;<\/a>\u00a0\u00e0 Isra\u00ebl, tout en soulignant que cet appui militaire et diplomatique, conjugu\u00e9 \u00e0 des\u00a0<a href=\"https:\/\/civic-forum.eu\/wp-content\/uploads\/2024\/04\/ECF-Rule-of-Law-Submission-Repeated-repressions-of-Palestine-solidarity.pdf\" target=\"_blank\" rel=\"noopener\">restrictions sur\u00a0les mouvements de solidarit\u00e9 avec les Palestiniens<\/a>, distinguent la destruction de Gaza des autres grands massacres commis ailleurs dans le monde.<\/p>\n<p><strong>France 24<\/strong>\u00a0<strong>:\u00a0Dans votre livre, vous revenez sur les deux interpr\u00e9tations des attaques du 7-Octobre : massacre antis\u00e9mite ou r\u00e9volte contre une puissance occupante.\u00a0En quoi l&#8217;interpr\u00e9tation du massacre antis\u00e9mite a-t-elle favoris\u00e9\u00a0le soutien des pays occidentaux<\/strong>\u00a0<strong>?<\/strong><\/p>\n<p>Il est indiscutable que le 7-Octobre a \u00e9t\u00e9 v\u00e9cu en Isra\u00ebl et parmi de tr\u00e8s nombreux Juifs de la diaspora comme un traumatisme profond et durable. L&#8217;interpr\u00e9tation de l&#8217;attaque sanglante comme pogrom a \u00e9t\u00e9 impos\u00e9e imm\u00e9diatement, non seulement par le gouvernement isra\u00e9lien mais aussi par les responsables politiques et une partie des \u00e9lites intellectuelles du monde occidental, y compris par le pr\u00e9sident fran\u00e7ais qui a parl\u00e9 du plus grave massacre antis\u00e9mite de notre temps. Selon cette analyse, les soldats et les civils tu\u00e9s le 7-Octobre ne l&#8217;ont pas \u00e9t\u00e9 en tant qu&#8217;ennemis ou oppresseurs, mais en tant que Juifs.<\/p>\n<p>Ce crime odieux justifiait alors un ch\u00e2timent exemplaire, d&#8217;autant que l&#8217;argument du droit \u00e0 l&#8217;autod\u00e9fense, qui n&#8217;avait n\u00e9anmoins jamais \u00e9t\u00e9 \u00e9voqu\u00e9 \u00e0 propos des Palestiniens victimes des violences de l&#8217;\u00c9tat h\u00e9breu, \u00e9tait avanc\u00e9 par les gouvernants occidentaux.<\/p>\n<div class=\"m-em-image\">\n<figure class=\"m-figure m-figure--original\"><picture><source srcset=\"https:\/\/s.france24.com\/media\/display\/bd34e4fe-8680-11ef-8361-005056a97e36\/AP23284511730844.webp 2480w\" type=\"image\/webp\" \/><img loading=\"lazy\" decoding=\"async\" class=\"m-figure__img lazy loaded\" src=\"https:\/\/s.france24.com\/media\/display\/bd34e4fe-8680-11ef-8361-005056a97e36\/AP23284511730844.jpg\" srcset=\"https:\/\/s.france24.com\/media\/display\/bd34e4fe-8680-11ef-8361-005056a97e36\/AP23284511730844.jpg 2480w\" alt=\"Vue sur un quartier de Gaza City apr\u00e8s des bombardements isra\u00e9liens, le 11 octobre 2023\" width=\"2480\" height=\"1653\" data-ll-status=\"loaded\" \/><\/picture><figcaption class=\"m-figure__caption\"><span class=\"a-media-legend\">Vue sur un quartier de Gaza-ville apr\u00e8s des bombardements isra\u00e9liens, le 11 octobre 2023<\/span>\u00a0<span class=\"a-media-legend\">\u00a9 Fatima Shbair, AP<\/span><\/figcaption><\/figure>\n<\/div>\n<p><strong>La seconde interpr\u00e9tation a<\/strong>\u00a0<strong>provoqu\u00e9 un vif d\u00e9bat dans les pays occidentaux.\u00a0Un an apr\u00e8s, quelles sont les cons\u00e9quences du rejet de cette interpr\u00e9tation<\/strong>\u00a0<strong>?<\/strong><\/p>\n<p>La seconde interpr\u00e9tation de l&#8217;incursion meurtri\u00e8re en a fait un acte de r\u00e9sistance \u2013 ce qui ne justifie pas les exactions contre les civils isra\u00e9liens. Cette offensive avait \u00e9t\u00e9 rendue in\u00e9vitable par le blocus qui asphyxiait le territoire et sa population, une brutalisation qui faisait de plus en plus de victimes, un arbitraire qui permettait d&#8217;emprisonner sans charges et surtout une disparition de la question de Palestine des agendas internationaux.<\/p>\n<p>Selon cette analyse, qui correspond au document publi\u00e9 par le Hamas, les organisations palestiniennes, ignor\u00e9es et isol\u00e9es, priv\u00e9es de la possibilit\u00e9 de n\u00e9gocier le respect de leurs droits, se sont trouv\u00e9es accul\u00e9es, n&#8217;ayant d&#8217;autre solution qu&#8217;une op\u00e9ration militaire. Ce r\u00e9cit fait l&#8217;objet d&#8217;<a href=\"https:\/\/orientxxi.info\/magazine\/apologie-du-terrorisme-les-peres-fouettards-des-tribunaux-jouent-a-faire-peur,7311\" target=\"_blank\" rel=\"noopener\">une interdiction par les autorit\u00e9s et d&#8217;une stigmatisation dans les m\u00e9dias<\/a>, pouvant conduire m\u00eame \u00e0 des actions en justice.<\/p>\n<p>La police de la pens\u00e9e, qui a impos\u00e9 la premi\u00e8re interpr\u00e9tation et condamn\u00e9 la seconde, a eu deux cons\u00e9quences\u00a0: l&#8217;exclusion de toute perspective historique pour comprendre les faits et la l\u00e9gitimation de repr\u00e9sailles sans limites pour les punir.<\/p>\n<p><strong>Vous montrez dans votre livre plusieurs exemples de la fa\u00e7on dont certains m\u00e9dias importants aux \u00c9tats-Unis et en France ont repris le r\u00e9cit isra\u00e9lien. Est-ce \u00e0 dire qu&#8217;ils ont une responsabilit\u00e9 dans ce que vous appelez la fabrication du consentement \u00e0 l&#8217;an\u00e9antissement de Gaza\u00a0?\u00a0\u00a0<\/strong><\/p>\n<p>Les grands m\u00e9dias occidentaux ont d&#8217;abord connu un ph\u00e9nom\u00e8ne de sid\u00e9ration apr\u00e8s l&#8217;attaque sanglante du 7-Octobre. Ils ont repris la communication du gouvernement isra\u00e9lien, ont parl\u00e9 de\u00a0<a href=\"https:\/\/www.lepoint.fr\/societe\/pogrom-du-7-octobre-2023-un-an-apres-les-hommages-aux-victimes-du-hamas-prevus-a-travers-la-france-05-10-2024-2571951_23.php#11\" target=\"_blank\" rel=\"noopener\">pogrom contre des Juifs,<\/a>\u00a0ont \u00e9vit\u00e9 toute mention des d\u00e9cennies d&#8217;occupation et d&#8217;oppression des Palestiniens, ont reproduit le discours sur la menace existentielle pesant sur l&#8217;\u00c9tat h\u00e9breu\u00a0et ont conduit des reportages presque uniquement sur le traumatisme, r\u00e9el, des Isra\u00e9liens, en se contentant de statistiques de mortalit\u00e9 dans la bande de Gaza sans donner \u00e0 voir la souffrance des habitants.\u00a0Ils ont ainsi contribu\u00e9 \u00e0 la repr\u00e9sentation des faits qui a l\u00e9gitim\u00e9 la guerre d&#8217;an\u00e9antissement.<\/p>\n<p>Une illustration du parti pris des grands m\u00e9dias est la d\u00e9signation de la guerre \u00e0 Gaza par l&#8217;expression &#8220;guerre Isra\u00ebl-Hamas&#8221;, comme si les civils ne constituaient pas en r\u00e9alit\u00e9 l&#8217;essentiel des victimes et comme si certains dirigeants isra\u00e9liens n&#8217;avaient jamais\u00a0<a href=\"https:\/\/apnews.com\/article\/israel-palestinians-south-africa-genocide-hate-speech-97a9e4a84a3a6bebeddfb80f8a030724\" target=\"_blank\" rel=\"noopener\">annonc\u00e9 leur volont\u00e9 d&#8217;effacer ce territoire de la carte par l&#8217;usage de la force<\/a>.<\/p>\n<div class=\"m-em-image\">\n<figure class=\"m-figure m-figure--original\"><picture><source srcset=\"https:\/\/s.france24.com\/media\/display\/55388852-867f-11ef-b198-005056a97e36\/000_33ZU3Y7-1.webp 2480w\" type=\"image\/webp\" \/><img loading=\"lazy\" decoding=\"async\" class=\"m-figure__img lazy loaded\" src=\"https:\/\/s.france24.com\/media\/display\/55388852-867f-11ef-b198-005056a97e36\/000_33ZU3Y7-1.jpg\" srcset=\"https:\/\/s.france24.com\/media\/display\/55388852-867f-11ef-b198-005056a97e36\/000_33ZU3Y7-1.jpg 2480w\" alt=\"Fun\u00e9railles du journaliste palestinien Mohamed Abu Hatab le 3 novembre 2023 \u00e0 Khan Youn\u00e8s. Le reporter a \u00e9t\u00e9 tu\u00e9 avec 11 membres de sa famille dans une frappe sur son domicile.\" width=\"2480\" height=\"1654\" data-ll-status=\"loaded\" \/><\/picture><figcaption class=\"m-figure__caption\"><span class=\"a-media-legend\">Fun\u00e9railles du journaliste palestinien Mohamed Abu Hatab le 3 novembre 2023 \u00e0 Khan Youn\u00e8s. Le reporter a \u00e9t\u00e9 tu\u00e9 avec 11 membres de sa famille dans une frappe sur son domicile.<\/span>\u00a0<span class=\"a-media-legend\">\u00a9 Mahmud Hams, AFP<\/span><\/figcaption><\/figure>\n<\/div>\n<p><strong>Dans votre ouvrage, vous affirmez \u00e0 ce propos que &#8220;l&#8217;an\u00e9antissement de Gaza&#8221; a \u00e9t\u00e9\u00a0<a href=\"https:\/\/www.bbc.com\/afrique\/articles\/ced1w62d8gxo\" target=\"_blank\" rel=\"noopener\">ouvertement annonc\u00e9 par plusieurs responsables isra\u00e9liens<\/a>\u2026<\/strong><\/p>\n<p>L&#8217;intention g\u00e9nocidaire du gouvernement isra\u00e9lien, de nombre de responsables politiques et de certains chefs militaires, \u00e0 laquelle font \u00e9cho de nombreux messages de soldats et de simples citoyens, ne fait gu\u00e8re de doute. Le pr\u00e9sident de l&#8217;\u00c9tat h\u00e9breu\u00a0<a href=\"https:\/\/www.huffpost.com\/entry\/israel-gaza-isaac-herzog_n_65295ee8e4b03ea0c004e2a8\" target=\"_blank\" rel=\"noopener\">dit que la nation palestinienne toute enti\u00e8re est responsable<\/a>\u00a0et doit \u00eatre \u00e9cras\u00e9e. Le Premier ministre \u00e9voque un\u00a0<a href=\"https:\/\/jewishcurrents.org\/facing-amalek\" target=\"_blank\" rel=\"noopener\">ennemi biblique dont le ch\u00e2timent consiste en une mise \u00e0 mort des hommes et femmes, des nourrissons et des nouveau-n\u00e9s<\/a>. Le ministre de la D\u00e9fense\u00a0<a href=\"https:\/\/www.youtube.com\/watch?v=ZbPdR3E4hCk\" target=\"_blank\" rel=\"noopener\">parle d&#8217;animaux humains en appelant \u00e0 agir en cons\u00e9quence<\/a>. Le ministre de la S\u00e9curit\u00e9 nationale consid\u00e8re que\u00a0<a href=\"https:\/\/x.com\/QudsNen\/status\/1723784790682358189\" target=\"_blank\" rel=\"noopener\">tous sont des terroristes et doivent \u00eatre d\u00e9truits<\/a>. Le leitmotiv est qu&#8217;il n&#8217;y a pas d&#8217;innocents. M\u00eame l&#8217;assassinat d&#8217;enfants trouve une justification dans le fait qu&#8217;ils deviendraient des terroristes.<\/p>\n<p>Et cette intention se traduit bien dans les actes, par les massacres sous les bombes de civils, la r\u00e9duction des habitants \u00e0 la famine par le blocus de l&#8217;aide humanitaire, la d\u00e9vastation du territoire et de tout ce qui y rend la vie possible.<\/p>\n<p><strong>C&#8217;est ce qui a men\u00e9 la\u00a0Cour internationale de justice (CIJ) \u00e0 demander \u00e0 Isra\u00ebl\u00a0<a href=\"https:\/\/www.france24.com\/fr\/vid%C3%A9o\/20240126-la-cij-appelle-isra%C3%ABl-%C3%A0-emp%C3%AAcher-tout-%C3%A9ventuel-acte-de-g%C3%A9nocide-%C3%A0-gaza\" target=\"_self\" rel=\"noopener\">d&#8217;emp\u00eacher tout acte \u00e9ventuel de &#8220;g\u00e9nocide&#8221; \u00e0 Gaza<\/a><\/strong>\u00a0<strong>?<\/strong><\/p>\n<p>L&#8217;intention et les actes sont suffisamment probants pour que la\u00a0CIJ, malgr\u00e9 sa prudence, d\u00e9clare\u00a0<a href=\"https:\/\/www.amnesty.fr\/conflits-armes-et-populations\/actualites\/israel-gaza-cour-internationale-de-justice-decision-genocide\" target=\"_blank\" rel=\"noopener\">le g\u00e9nocide plausible<\/a>. N\u00e9anmoins,\u00a0<a href=\"https:\/\/www.lemonde.fr\/international\/article\/2024\/08\/22\/la-cour-penale-internationale-sous-pressions-incessantes-dans-le-dossier-gaza-israel_6290124_3210.html\" target=\"_blank\" rel=\"noopener\">les pressions de nombre de pays occidentaux<\/a>, dont les \u00c9tats-Unis, l&#8217;Allemagne ou la France, pour que ce crime ne soit pas reconnu, sont d&#8217;autant plus intenses que leurs gouvernants risquent de se trouver eux-m\u00eames accus\u00e9s de complicit\u00e9, ce qui s&#8217;est d\u00e9j\u00e0 produit dans le cadre de proc\u00e8s.<\/p>\n<p>Au regard de l&#8217;histoire, il est difficile d&#8217;imaginer que, dans le futur, on puisse r\u00e9cuser le g\u00e9nocide des Palestiniens par l&#8217;\u00c9tat h\u00e9breu. \u00c0 cet \u00e9gard, le travail des chercheurs n&#8217;est pas conditionn\u00e9 par les d\u00e9cisions des juges.<\/p>\n<div class=\"m-em-image\">\n<figure class=\"m-figure m-figure--original\"><picture><source srcset=\"https:\/\/s.france24.com\/media\/display\/c02ee7da-8681-11ef-9256-005056bf30b7\/000_34RP8FQ.webp 2480w\" type=\"image\/webp\" \/><img loading=\"lazy\" decoding=\"async\" class=\"m-figure__img lazy loaded\" src=\"https:\/\/s.france24.com\/media\/display\/c02ee7da-8681-11ef-9256-005056bf30b7\/000_34RP8FQ.jpg\" srcset=\"https:\/\/s.france24.com\/media\/display\/c02ee7da-8681-11ef-9256-005056bf30b7\/000_34RP8FQ.jpg 2480w\" alt=\"L'avocate am\u00e9ricaine Joan Donoghue (au centre), la pr\u00e9sidente de la Cour internationale de Justice, et plusieurs juges arrivent dans la salle d'audience le 16 mai 2024 pour \u00e9couter les arguments de l'\" width=\"2480\" height=\"1653\" data-ll-status=\"loaded\" \/><\/picture><figcaption class=\"m-figure__caption\"><span class=\"a-media-legend\">L&#8217;avocate am\u00e9ricaine Joan Donoghue (au centre), la pr\u00e9sidente de la Cour internationale de Justice, et plusieurs juges arrivent dans la salle d&#8217;audience le 16 mai 2024 pour \u00e9couter les arguments de l&#8217;\u00e9quipe juridique sud-africaine, qui accuse Israel de g\u00e9nocide \u00e0 Gaza.<\/span>\u00a0<span class=\"a-media-legend\">\u00a9 Nick Gammon, AFP<\/span><\/figcaption><\/figure>\n<\/div>\n<p><strong>Apr\u00e8s plusieurs mois de guerre, certains pays occidentaux comme\u00a0<a href=\"https:\/\/information.tv5monde.com\/international\/le-temps-du-cessez-le-feu-est-venu-dit-macron-netanyahu-qui-lui-demande-du-soutien\" target=\"_blank\" rel=\"noopener\">la France ont exig\u00e9 un cessez-le-feu\u00a0<\/a>et une solution politique qui impliquerait la cr\u00e9ation d&#8217;un \u00c9tat palestinien. Quelle est la cr\u00e9dibilit\u00e9 de ces d\u00e9clarations<\/strong>\u00a0<strong>?<\/strong><\/p>\n<p>Ce sont des d\u00e9clarations sans cons\u00e9quences. Il ne co\u00fbte rien de les faire, puisqu&#8217;elles n&#8217;engagent \u00e0 rien et ne sont suivies d&#8217;aucune mesure visant \u00e0 leur traduction concr\u00e8te, telles que le boycott des ventes d&#8217;armes et les sanctions internationales qui ont jou\u00e9 un r\u00f4le important dans la chute du r\u00e9gime d&#8217;apartheid en Afrique du Sud. Ce sont donc des d\u00e9clarations inoffensives et Isra\u00ebl le sait bien, m\u00eame si son Premier ministre fait semblant de s&#8217;en indigner.<\/p>\n<p>Dans le cas de la France, elles sont m\u00eame incoh\u00e9rentes puisque son vote aux Nations unies en faveur de la cr\u00e9ation d&#8217;un \u00c9tat palestinien a \u00e9t\u00e9 contredit par\u00a0<a href=\"https:\/\/www.france24.com\/fr\/moyen-orient\/20240530-reconnaissance-etat-palestinien-france-macron-diplomatie-palestinienne-francaise-israel-abbas-gaza\" target=\"_self\" rel=\"noopener\">le chef de l&#8217;\u00c9tat qui a indiqu\u00e9 que le moment n&#8217;est pas opportun<\/a>.<\/p>\n<p><strong>Quelles sont les cons\u00e9quences en mati\u00e8re de relations internationales de ce que vous d\u00e9crivez comme une &#8220;abdication morale&#8221; de l&#8217;Occident au sujet de la d\u00e9vastation de Gaza<\/strong>\u00a0<strong>?\u00a0<\/strong><\/p>\n<p>Un ab\u00eeme s&#8217;est creus\u00e9 entre le monde occidental et une grande partie du reste du monde. Il est clair que le premier n&#8217;aura plus de le\u00e7on de droits humains \u00e0 donner \u00e0 la seconde. Sa cr\u00e9dibilit\u00e9 en la mati\u00e8re \u00e9tait d\u00e9j\u00e0 fortement contest\u00e9e. Elle sera durablement affect\u00e9e par son implication dans la destruction des Palestiniens de Gaza. C&#8217;est donc une perte du point de vue de cette autorit\u00e9 morale que revendiquent les pays occidentaux. Mais il leur reste la force, qu&#8217;ils parviennent \u00e0 imposer en de nombreux endroits de la plan\u00e8te tant sur le plan militaire que sur le plan \u00e9conomique.<\/p>\n<\/div>\n<\/div>\n<aside class=\"o-aside-content  o-aside-content--related t-content__below-sidebar\" data-org-name=\"\" data-org-type=\"\">\n<div class=\"o-aside-content__row m-section-title m-section-title--big\">\n<div class=\"m-section-title__content a-aside-title\" role=\"heading\" aria-level=\"2\"><\/div>\n<\/div>\n<\/aside>\n","protected":false},"excerpt":{"rendered":"<p>La destruction \u00e0 grande \u00e9chelle de Gaza et la mort sous les bombes isra\u00e9liennes de plus de 41\u00a0000 Palestiniens, dont une large majorit\u00e9 de civils, se sont accomplies sous le regard passif des principaux pays occidentaux. Une &#8220;abdication morale&#8221;, selon le chercheur Didier Fassin, qui d\u00e9crypte dans un r\u00e9cent essai la gen\u00e8se de &#8220;l&#8217;acquiescement \u00e0 &hellip;<\/p>\n","protected":false},"author":2,"featured_media":12326,"comment_status":"open","ping_status":"open","sticky":false,"template":"","format":"standard","meta":{"footnotes":""},"categories":[18,29],"tags":[],"class_list":["post-12324","post","type-post","status-publish","format-standard","has-post-thumbnail","hentry","category-actualites","category-monde"],"_links":{"self":[{"href":"https:\/\/ladepeche.mr\/index.php?rest_route=\/wp\/v2\/posts\/12324","targetHints":{"allow":["GET"]}}],"collection":[{"href":"https:\/\/ladepeche.mr\/index.php?rest_route=\/wp\/v2\/posts"}],"about":[{"href":"https:\/\/ladepeche.mr\/index.php?rest_route=\/wp\/v2\/types\/post"}],"author":[{"embeddable":true,"href":"https:\/\/ladepeche.mr\/index.php?rest_route=\/wp\/v2\/users\/2"}],"replies":[{"embeddable":true,"href":"https:\/\/ladepeche.mr\/index.php?rest_route=%2Fwp%2Fv2%2Fcomments&post=12324"}],"version-history":[{"count":1,"href":"https:\/\/ladepeche.mr\/index.php?rest_route=\/wp\/v2\/posts\/12324\/revisions"}],"predecessor-version":[{"id":12327,"href":"https:\/\/ladepeche.mr\/index.php?rest_route=\/wp\/v2\/posts\/12324\/revisions\/12327"}],"wp:featuredmedia":[{"embeddable":true,"href":"https:\/\/ladepeche.mr\/index.php?rest_route=\/wp\/v2\/media\/12326"}],"wp:attachment":[{"href":"https:\/\/ladepeche.mr\/index.php?rest_route=%2Fwp%2Fv2%2Fmedia&parent=12324"}],"wp:term":[{"taxonomy":"category","embeddable":true,"href":"https:\/\/ladepeche.mr\/index.php?rest_route=%2Fwp%2Fv2%2Fcategories&post=12324"},{"taxonomy":"post_tag","embeddable":true,"href":"https:\/\/ladepeche.mr\/index.php?rest_route=%2Fwp%2Fv2%2Ftags&post=12324"}],"curies":[{"name":"wp","href":"https:\/\/api.w.org\/{rel}","templated":true}]}}