{"id":12340,"date":"2024-11-01T23:26:10","date_gmt":"2024-11-01T23:26:10","guid":{"rendered":"https:\/\/ladepeche.mr\/?p=12340"},"modified":"2024-11-01T23:26:10","modified_gmt":"2024-11-01T23:26:10","slug":"election-presidentielle-americaine-2024-le-sprint-final-entre-donald-trump-et-kamala-harris-a-commence","status":"publish","type":"post","link":"https:\/\/ladepeche.mr\/?p=12340","title":{"rendered":"\u00c9lection pr\u00e9sidentielle am\u00e9ricaine 2024 : le sprint final entre Donald Trump et Kamala Harris a commenc\u00e9"},"content":{"rendered":"<div class=\"c-chapo \">\u00c0 quatre jours du verdict des urnes de l\u2019\u00e9lection pr\u00e9sidentielle am\u00e9ricaine, la tension monte aux \u00c9tats-Unis. Des millions d\u2019\u00e9lecteurs devront choisir entre Kamala Harris et Donald Trump.<\/div>\n<div class=\"c-body\">\n<p>Il s\u2019agit de la derni\u00e8re provocation de\u00a0<a href=\"https:\/\/www.francetvinfo.fr\/monde\/usa\/presidentielle\/donald-trump\/video-presidentielle-americaine-2024-si-trump-est-elu-ce-ne-sera-pas-comme-lors-du-premier-mandat-ou-il-y-avait-eu-des-contre-pouvoirs_6872294.html\">Donald Trump\u00a0<\/a>:\u00a0<em>\u201cC\u2019est un extr\u00e9miste va-t-en-guerre, mettons-la devant un peloton d\u2019ex\u00e9cution et on verra comment elle se sent\u201d<\/em>, dit-il lors d\u2019un meeting politique.<br \/>\nLe candidat r\u00e9publicain ne parle pas de Kamala Harris mais de l\u2019un de ses plus proches soutiens. \u00c0 quatre jours du scrutin, les coups bas se multiplient. En meeting \u00e0 Las Vegas (Nevada) le 31 octobre, la candidate d\u00e9mocrate n\u2019a pas manqu\u00e9 de r\u00e9pliquer.<\/p>\n<h2 class=\"subheader\">Une campagne qui s&#8217;acc\u00e9l\u00e8re<\/h2>\n<p>Kamala Harris continue \u00e0 rallier les plus grandes stars du show-business. Apr\u00e8s Beyonc\u00e9, la chanteuse Jennifer Lopez est intervenue hier soir pour tenter de rassembler les femmes et la population hispanique contre Donald Trump. Quelques heures plus tard, les acteurs de la saga Avengers ont collectivement apport\u00e9 leur soutien \u00e0 la candidate d\u00e9mocrate.<\/p>\n<p>Il reste quatre jours aux deux candidats pour convaincre l\u2019Am\u00e9rique. D\u00e9sormais, les meetings vont s&#8217;acc\u00e9l\u00e9rer, le plus souvent dans les \u00c9tats cl\u00e9s qui peuvent faire basculer l\u2019\u00e9lection.<\/p>\n<p>www.francetvinfo.fr<\/p>\n<p>photo google<\/p>\n<\/div>\n","protected":false},"excerpt":{"rendered":"<p>\u00c0 quatre jours du verdict des urnes de l\u2019\u00e9lection pr\u00e9sidentielle am\u00e9ricaine, la tension monte aux \u00c9tats-Unis. Des millions d\u2019\u00e9lecteurs devront choisir entre Kamala Harris et Donald Trump. Il s\u2019agit de la derni\u00e8re provocation de\u00a0Donald Trump\u00a0:\u00a0\u201cC\u2019est un extr\u00e9miste va-t-en-guerre, mettons-la devant un peloton d\u2019ex\u00e9cution et on verra comment elle se sent\u201d, dit-il lors d\u2019un meeting politique. &hellip;<\/p>\n","protected":false},"author":2,"featured_media":12341,"comment_status":"open","ping_status":"open","sticky":false,"template":"","format":"standard","meta":{"footnotes":""},"categories":[18,29],"tags":[],"class_list":["post-12340","post","type-post","status-publish","format-standard","has-post-thumbnail","hentry","category-actualites","category-monde"],"_links":{"self":[{"href":"https:\/\/ladepeche.mr\/index.php?rest_route=\/wp\/v2\/posts\/12340","targetHints":{"allow":["GET"]}}],"collection":[{"href":"https:\/\/ladepeche.mr\/index.php?rest_route=\/wp\/v2\/posts"}],"about":[{"href":"https:\/\/ladepeche.mr\/index.php?rest_route=\/wp\/v2\/types\/post"}],"author":[{"embeddable":true,"href":"https:\/\/ladepeche.mr\/index.php?rest_route=\/wp\/v2\/users\/2"}],"replies":[{"embeddable":true,"href":"https:\/\/ladepeche.mr\/index.php?rest_route=%2Fwp%2Fv2%2Fcomments&post=12340"}],"version-history":[{"count":1,"href":"https:\/\/ladepeche.mr\/index.php?rest_route=\/wp\/v2\/posts\/12340\/revisions"}],"predecessor-version":[{"id":12342,"href":"https:\/\/ladepeche.mr\/index.php?rest_route=\/wp\/v2\/posts\/12340\/revisions\/12342"}],"wp:featuredmedia":[{"embeddable":true,"href":"https:\/\/ladepeche.mr\/index.php?rest_route=\/wp\/v2\/media\/12341"}],"wp:attachment":[{"href":"https:\/\/ladepeche.mr\/index.php?rest_route=%2Fwp%2Fv2%2Fmedia&parent=12340"}],"wp:term":[{"taxonomy":"category","embeddable":true,"href":"https:\/\/ladepeche.mr\/index.php?rest_route=%2Fwp%2Fv2%2Fcategories&post=12340"},{"taxonomy":"post_tag","embeddable":true,"href":"https:\/\/ladepeche.mr\/index.php?rest_route=%2Fwp%2Fv2%2Ftags&post=12340"}],"curies":[{"name":"wp","href":"https:\/\/api.w.org\/{rel}","templated":true}]}}