{"id":12346,"date":"2024-11-02T20:50:42","date_gmt":"2024-11-02T20:50:42","guid":{"rendered":"https:\/\/ladepeche.mr\/?p=12346"},"modified":"2024-11-02T22:15:13","modified_gmt":"2024-11-02T22:15:13","slug":"ugrent-securite-un-agent-de-securite-mauritanien-meurt-dans-lenceinte-de-lambassade-us","status":"publish","type":"post","link":"https:\/\/ladepeche.mr\/?p=12346","title":{"rendered":"Urgent- S\u00e9curit\u00e9: Un agent de s\u00e9curit\u00e9 mauritanien tente de se donner la mort dans l\u2019enceinte de l\u2019ambassade US (actualisation)"},"content":{"rendered":"<p>Un myst\u00e8re entoure encore les circonstances de la tentative de suicide d\u2019un agent de s\u00e9curit\u00e9 mauritanien, Mamadou Lam, dans l\u2019enceinte de l\u2019ambassade am\u00e9ricaine en Mauritanie.<\/p>\n<p>N\u00e9anmoins, et selon une version proche des connaissances de Mamadou Lam, le jeune homme inform\u00e9 de son limogeage \u2013mesure de r\u00e9duction d\u2019effectifs- aurait tout simplement choisi de se donner la mort en plongeant dans le vide. Il travaillerait parmi le personnel mauritanien dans le service s\u00e9curit\u00e9 de l&#8217;ambassade am\u00e9ricaine en Mauritanie.<\/p>\n<p>Il aurait saut\u00e9 du haut de l\u2019immeuble de l\u2019ambassade dans une tentative de suicide expliquent les m\u00eames sources. Il serait encore dans le coma\u00a0 \u00e0 l\u2019h\u00f4pital de Nouakchott en attendant une enqu\u00eate judiciaire pour d\u00e9terminer les responsabilit\u00e9s des protagonistes.<\/p>\n<p>&nbsp;<\/p>\n<p>&nbsp;<\/p>\n","protected":false},"excerpt":{"rendered":"<p>Un myst\u00e8re entoure encore les circonstances de la tentative de suicide d\u2019un agent de s\u00e9curit\u00e9 mauritanien, Mamadou Lam, dans l\u2019enceinte de l\u2019ambassade am\u00e9ricaine en Mauritanie. N\u00e9anmoins, et selon une version proche des connaissances de Mamadou Lam, le jeune homme inform\u00e9 de son limogeage \u2013mesure de r\u00e9duction d\u2019effectifs- aurait tout simplement choisi de se donner la &hellip;<\/p>\n","protected":false},"author":2,"featured_media":12347,"comment_status":"open","ping_status":"open","sticky":false,"template":"","format":"standard","meta":{"footnotes":""},"categories":[18],"tags":[],"class_list":["post-12346","post","type-post","status-publish","format-standard","has-post-thumbnail","hentry","category-actualites"],"_links":{"self":[{"href":"https:\/\/ladepeche.mr\/index.php?rest_route=\/wp\/v2\/posts\/12346","targetHints":{"allow":["GET"]}}],"collection":[{"href":"https:\/\/ladepeche.mr\/index.php?rest_route=\/wp\/v2\/posts"}],"about":[{"href":"https:\/\/ladepeche.mr\/index.php?rest_route=\/wp\/v2\/types\/post"}],"author":[{"embeddable":true,"href":"https:\/\/ladepeche.mr\/index.php?rest_route=\/wp\/v2\/users\/2"}],"replies":[{"embeddable":true,"href":"https:\/\/ladepeche.mr\/index.php?rest_route=%2Fwp%2Fv2%2Fcomments&post=12346"}],"version-history":[{"count":5,"href":"https:\/\/ladepeche.mr\/index.php?rest_route=\/wp\/v2\/posts\/12346\/revisions"}],"predecessor-version":[{"id":12358,"href":"https:\/\/ladepeche.mr\/index.php?rest_route=\/wp\/v2\/posts\/12346\/revisions\/12358"}],"wp:featuredmedia":[{"embeddable":true,"href":"https:\/\/ladepeche.mr\/index.php?rest_route=\/wp\/v2\/media\/12347"}],"wp:attachment":[{"href":"https:\/\/ladepeche.mr\/index.php?rest_route=%2Fwp%2Fv2%2Fmedia&parent=12346"}],"wp:term":[{"taxonomy":"category","embeddable":true,"href":"https:\/\/ladepeche.mr\/index.php?rest_route=%2Fwp%2Fv2%2Fcategories&post=12346"},{"taxonomy":"post_tag","embeddable":true,"href":"https:\/\/ladepeche.mr\/index.php?rest_route=%2Fwp%2Fv2%2Ftags&post=12346"}],"curies":[{"name":"wp","href":"https:\/\/api.w.org\/{rel}","templated":true}]}}