{"id":12353,"date":"2024-11-02T21:23:48","date_gmt":"2024-11-02T21:23:48","guid":{"rendered":"https:\/\/ladepeche.mr\/?p=12353"},"modified":"2024-11-02T21:23:48","modified_gmt":"2024-11-02T21:23:48","slug":"du-nouveau-sur-le-ressortissant-mauritanien-auteur-de-la-fusillade-dans-le-quartier-duptown-a-chicago","status":"publish","type":"post","link":"https:\/\/ladepeche.mr\/?p=12353","title":{"rendered":"Du nouveau sur le ressortissant mauritanien auteur de la fusillade dans le quartier d&#8217;Uptown \u00e0 Chicago"},"content":{"rendered":"<p>Un mauritanien r\u00e9pondant au nom de Sidi Muhammad Abdellahi, actuellement admis \u00e0 des soins intensifs, est suspect\u00e9 par les services s\u00e9curitaires am\u00e9ricains, d&#8217;\u00eatre l&#8217;auteur d&#8217;une fusillade survenue vendredi dernier dans le quartier d&#8217;Uptown \u00e0 Chicago, ayant fait deux bless\u00e9s dont un homme et un enfant.<\/p>\n<p>L&#8217;homme s&#8217;est pr\u00e9cipit\u00e9 \u00e0 l&#8217;\u00e9cole \u00e9l\u00e9mentaire Goudy pour demander de l&#8217;aide, ont d\u00e9clar\u00e9 les autorit\u00e9s am\u00e9ricaines qui suspectent un pr\u00e9sum\u00e9 crime haineux pr\u00e9sum\u00e9 \u00e0 Chicago visant la communaut\u00e9 juive de la ville.<\/p>\n<p>L&#8217;Immigration and Customs Enforcement a d\u00e9clar\u00e9 \u00e0 ABC7 que Sidi Muhammad Abdellahi est un ressortissant mauritanien que la patrouille frontali\u00e8re am\u00e9ricaine avait rencontr\u00e9 pour la premi\u00e8re fois dans le pays l&#8217;ann\u00e9e derni\u00e8re. C&#8217;est pourquoi des agences f\u00e9d\u00e9rales sont d\u00e9sormais impliqu\u00e9es dans cette enqu\u00eate.<\/p>\n<p>La police de Chicago a annonc\u00e9 jeudi de nouvelles accusations de terrorisme et de crimes haineux contre Abdellahi. Ils affirment que des preuves sur son t\u00e9l\u00e9phone indiquaient qu&#8217;il pr\u00e9voyait d&#8217;attaquer des personnes de confession juive.<\/p>\n<p>Maintenant, l&#8217;ICE est impliqu\u00e9e dans l&#8217;enqu\u00eate, d\u00e9clarant \u00e0 ABC7 qu&#8217;elle a demand\u00e9 une mise en d\u00e9tention du suspect, ce qui signifie que l&#8217;agence doit \u00eatre inform\u00e9e s&#8217;il va \u00eatre lib\u00e9r\u00e9.<\/p>\n<p>&#8220;Nous savons qu&#8217;il n&#8217;est pas de Chicago, mais \u00e9tablir des adresses, une r\u00e9sidence, quand il est arriv\u00e9 ici&#8230; toutes ces choses sont des choses sur lesquelles nous continuons \u00e0 travailler&#8221;, a d\u00e9clar\u00e9 le surintendant de la police de Chicago Larry Snelling.<\/p>\n<p>Abdellahi n&#8217;a pas encore comparu devant le tribunal car il reste aux soins intensifs pour des blessures subies lors d&#8217;une fusillade avec la police. Cette fusillade s&#8217;est produite seulement 20 minutes apr\u00e8s qu&#8217;il aurait tir\u00e9 sur un homme de 39 ans pr\u00e8s de North Washtenaw Avenue.<\/p>\n<p>L&#8217;ICE a confirm\u00e9 qu&#8217;Abdellahi a \u00e9t\u00e9 retrouv\u00e9 pour la premi\u00e8re fois par la patrouille frontali\u00e8re am\u00e9ricaine en mars 2023 pr\u00e8s de San Ysidro, en Californie.<\/p>\n<p>La procureure du comt\u00e9 de Cook, Kim Foxx, a d\u00e9clar\u00e9 que son \u00e9quipe n&#8217;\u00e9tait pas pr\u00eate \u00e0 commenter le statut d&#8217;immigration du suspect.<\/p>\n<p>\u00ab Lors de la prochaine audience, nous avons l&#8217;intention, comme nous l&#8217;avons fait il y a deux jours, de faire une r\u00e9citation compl\u00e8te de la proposition, qui inclura ce niveau de d\u00e9tail. Nous rendrons ces informations disponibles la semaine prochaine \u00bb, a d\u00e9clar\u00e9 Fox.<\/p>\n<p>Alors que les autorit\u00e9s locales continuent de travailler avec les agences f\u00e9d\u00e9rales dans le cadre de l&#8217;enqu\u00eate, la police de Chicago ne pense pas qu&#8217;il y ait une menace terroriste plus large en jeu ici.<\/p>\n<p>\u00ab Les preuves dont nous disposons actuellement indiquent qu&#8217;il travaillait seul. Nous ne voulons pas que quiconque craigne un r\u00e9seau de personnes engag\u00e9es dans cette activit\u00e9 \u00bb, a d\u00e9clar\u00e9 Snelling.<\/p>\n<p>Abdellahi doit revenir devant le tribunal la semaine prochaine, en attendant son \u00e9tat \u00e0 l&#8217;h\u00f4pital.<\/p>\n<p>Des accusations f\u00e9d\u00e9rales suppl\u00e9mentaires pourraient entrer en jeu au fur et \u00e0 mesure que l&#8217;enqu\u00eate se poursuit.<\/p>\n<p>rimnow<\/p>\n","protected":false},"excerpt":{"rendered":"<p>Un mauritanien r\u00e9pondant au nom de Sidi Muhammad Abdellahi, actuellement admis \u00e0 des soins intensifs, est suspect\u00e9 par les services s\u00e9curitaires am\u00e9ricains, d&#8217;\u00eatre l&#8217;auteur d&#8217;une fusillade survenue vendredi dernier dans le quartier d&#8217;Uptown \u00e0 Chicago, ayant fait deux bless\u00e9s dont un homme et un enfant. L&#8217;homme s&#8217;est pr\u00e9cipit\u00e9 \u00e0 l&#8217;\u00e9cole \u00e9l\u00e9mentaire Goudy pour demander de &hellip;<\/p>\n","protected":false},"author":2,"featured_media":12354,"comment_status":"open","ping_status":"open","sticky":false,"template":"","format":"standard","meta":{"footnotes":""},"categories":[18,29],"tags":[],"class_list":["post-12353","post","type-post","status-publish","format-standard","has-post-thumbnail","hentry","category-actualites","category-monde"],"_links":{"self":[{"href":"https:\/\/ladepeche.mr\/index.php?rest_route=\/wp\/v2\/posts\/12353","targetHints":{"allow":["GET"]}}],"collection":[{"href":"https:\/\/ladepeche.mr\/index.php?rest_route=\/wp\/v2\/posts"}],"about":[{"href":"https:\/\/ladepeche.mr\/index.php?rest_route=\/wp\/v2\/types\/post"}],"author":[{"embeddable":true,"href":"https:\/\/ladepeche.mr\/index.php?rest_route=\/wp\/v2\/users\/2"}],"replies":[{"embeddable":true,"href":"https:\/\/ladepeche.mr\/index.php?rest_route=%2Fwp%2Fv2%2Fcomments&post=12353"}],"version-history":[{"count":1,"href":"https:\/\/ladepeche.mr\/index.php?rest_route=\/wp\/v2\/posts\/12353\/revisions"}],"predecessor-version":[{"id":12355,"href":"https:\/\/ladepeche.mr\/index.php?rest_route=\/wp\/v2\/posts\/12353\/revisions\/12355"}],"wp:featuredmedia":[{"embeddable":true,"href":"https:\/\/ladepeche.mr\/index.php?rest_route=\/wp\/v2\/media\/12354"}],"wp:attachment":[{"href":"https:\/\/ladepeche.mr\/index.php?rest_route=%2Fwp%2Fv2%2Fmedia&parent=12353"}],"wp:term":[{"taxonomy":"category","embeddable":true,"href":"https:\/\/ladepeche.mr\/index.php?rest_route=%2Fwp%2Fv2%2Fcategories&post=12353"},{"taxonomy":"post_tag","embeddable":true,"href":"https:\/\/ladepeche.mr\/index.php?rest_route=%2Fwp%2Fv2%2Ftags&post=12353"}],"curies":[{"name":"wp","href":"https:\/\/api.w.org\/{rel}","templated":true}]}}