{"id":12373,"date":"2024-11-05T16:00:50","date_gmt":"2024-11-05T16:00:50","guid":{"rendered":"https:\/\/ladepeche.mr\/?p=12373"},"modified":"2024-11-05T16:00:50","modified_gmt":"2024-11-05T16:00:50","slug":"culture-cloture-du-festival-de-la-musique-traditionnelle","status":"publish","type":"post","link":"https:\/\/ladepeche.mr\/?p=12373","title":{"rendered":"Culture: Cl\u00f4ture du festival de la musique traditionnelle"},"content":{"rendered":"<p>La ministre de l\u2019Action sociale, de l\u2019Enfance et de la Famille, Savia Mint N\u2019tahah, ministre par int\u00e9rim de la culture, des arts, de la communication et des relations avec le parlement, a supervis\u00e9 lundi soir \u00e0 Nouakchott- Ouest, la cl\u00f4ture de la premi\u00e8re \u00e9dition du festival de la musique traditionnelle, en pr\u00e9sence du ministre de la fonction publique et du travail, Mohamed Ould Soueidatt.<\/p>\n<p>Ce festival de trois jours, organis\u00e9 par le minist\u00e8re de la culture, des arts, de la communication et des relations avec le parlement, a permis de jeter la lumi\u00e8re sur certains volets th\u00e9oriques et pratiques de la musique mauritanienne, de faire conna\u00eetre ses diff\u00e9rents aspects, de faire en sorte que l\u2019on perp\u00e9tue le patrimoine culturel et que l\u2019on renforce les liens entre les g\u00e9n\u00e9rations, conform\u00e9ment \u00e0 la volont\u00e9 des autorit\u00e9s supr\u00eames de pr\u00e9server le patrimoine traditionnel.<\/p>\n<p>Dans son allocution prononc\u00e9e \u00e0 cette occasion, Mme la ministre, a d\u00e9clar\u00e9 que le message de ce festival est que toute nation qui ne c\u00e9l\u00e8bre pas ses arts et sa litt\u00e9rature risque de se perdre dans ce monde o\u00f9 les barri\u00e8res et les distances se sont abolies et o\u00f9 l\u2019on est devenu un seul quartier et non plus un seul village. De l\u00e0, la prise en charge de l\u2019histoire et de l\u2019identit\u00e9 culturelle de notre soci\u00e9t\u00e9 devient un devoir civilisationnel et une responsabilit\u00e9 morale.<\/p>\n<p>Elle a ajout\u00e9 que ce festival s\u2019inscrit dans le cadre des engagements du Pr\u00e9sident de la R\u00e9publique en faveur du d\u00e9veloppement de l\u2019action culturelle, qu\u2019il a exprim\u00e9s dans son programme \u00ab Mon ambition pour la nation \u00bb ; il s\u2019est engag\u00e9 \u00e0 d\u00e9ployer tous les efforts pour pr\u00e9server notre identit\u00e9 culturelle et notre sp\u00e9cificit\u00e9 culturelle scientifique, litt\u00e9raire et artistique, ce que le gouvernement du Premier ministre Mokhtar Ould Diay s\u2019emploie \u00e0 concr\u00e9tiser sur le terrain.<\/p>\n<p>Mme Mint N\u2019Tahah a rappel\u00e9 que le minist\u00e8re de la Culture, des Arts, de la Communication et des Relations avec le Parlement a mis en place toutes les actions visant \u00e0 promouvoir et \u00e0 valoriser tout domaine du patrimoine et de la culture.<\/p>\n<p>Elle a soulign\u00e9 que cette \u00e9dition inaugurale, qui s\u2019ach\u00e8ve ce soir \u00e0 Nouakchott, sera suivie d\u2019une deuxi\u00e8me \u00e9dition dans la capitale du Hodh Charghi (N\u00e9ma), et que les \u00e9ditions suivantes seront r\u00e9parties entre les autres wilayas.<\/p>\n<p>Les ministres et la d\u00e9l\u00e9gation qui les accompagne ont visit\u00e9 les pavillons de l\u2019exposition qui se tient en marge du festival, et ont pu appr\u00e9cier les instruments de musique traditionnels ainsi que l\u2019aile r\u00e9serv\u00e9e \u00e0 l\u2019artisanat dont le r\u00f4le essentiel dans la pr\u00e9sentation de la culture mauritanienne n\u2019est pas \u00e0 d\u00e9montrer.<\/p>\n<p>La c\u00e9r\u00e9monie de cl\u00f4ture du festival a \u00e9t\u00e9 marqu\u00e9e par des spectacles musicaux en langue hassania et dans les autres langues nationales qui expriment l\u2019unit\u00e9 du peuple, la diversit\u00e9 et la compl\u00e9mentarit\u00e9 de sa culture, ainsi que par une repr\u00e9sentation th\u00e9\u00e2trale intitul\u00e9e \u00ab Jam\u2019a Angara \u00bb.<\/p>\n<p>Cette \u00e9dition a \u00e9t\u00e9 caract\u00e9ris\u00e9e par la pr\u00e9sentation de riches chefs-d\u2019\u0153uvre artistiques, et le festival a vu la participation de tous les artistes mauritaniens qui sont cr\u00e9atifs dans le domaine de la musique mauritanienne.<\/p>\n<p>Le festival a \u00e9galement donn\u00e9 lieu \u00e0 des conf\u00e9rences sur l\u2019histoire et le pr\u00e9sent de la musique mauritanienne et sur les moyens de la pr\u00e9server, de la valoriser et de la d\u00e9velopper.<\/p>\n<p>Il a \u00e9t\u00e9 couronn\u00e9 par la mise \u00e0 l\u2019honneur d\u2019hommes et de femmes de lettres pour leur performance et leur contribution remarquable \u00e0 la promotion et \u00e0 l\u2019authenticit\u00e9 de l\u2019art mauritanien, notamment la pratique de la \u00ab tidinit \u00bb et de ce qu\u2019on appelle dans la musique mauritanienne le \u00ab haouss el chor \u00bb.<\/p>\n<p>La c\u00e9r\u00e9monie de cl\u00f4ture s\u2019est d\u00e9roul\u00e9e en pr\u00e9sence du secr\u00e9taire g\u00e9n\u00e9ral du minist\u00e8re de la Culture, des Arts, de la Communication et des Relations avec le Parlement, du wali de Nouakchott- Ouest, du hakem de Tevragh Zeina, du repr\u00e9sentant de son maire, de directeurs d\u2019organes de presse publics, de cadres de plusieurs secteurs de l\u2019administration et de personnes int\u00e9ress\u00e9es par les affaires culturelles du pays.<\/p>\n<p>Ami<\/p>\n","protected":false},"excerpt":{"rendered":"<p>La ministre de l\u2019Action sociale, de l\u2019Enfance et de la Famille, Savia Mint N\u2019tahah, ministre par int\u00e9rim de la culture, des arts, de la communication et des relations avec le parlement, a supervis\u00e9 lundi soir \u00e0 Nouakchott- Ouest, la cl\u00f4ture de la premi\u00e8re \u00e9dition du festival de la musique traditionnelle, en pr\u00e9sence du ministre de &hellip;<\/p>\n","protected":false},"author":2,"featured_media":12374,"comment_status":"open","ping_status":"open","sticky":false,"template":"","format":"standard","meta":{"footnotes":""},"categories":[18,15],"tags":[],"class_list":["post-12373","post","type-post","status-publish","format-standard","has-post-thumbnail","hentry","category-actualites","category-culture"],"_links":{"self":[{"href":"https:\/\/ladepeche.mr\/index.php?rest_route=\/wp\/v2\/posts\/12373","targetHints":{"allow":["GET"]}}],"collection":[{"href":"https:\/\/ladepeche.mr\/index.php?rest_route=\/wp\/v2\/posts"}],"about":[{"href":"https:\/\/ladepeche.mr\/index.php?rest_route=\/wp\/v2\/types\/post"}],"author":[{"embeddable":true,"href":"https:\/\/ladepeche.mr\/index.php?rest_route=\/wp\/v2\/users\/2"}],"replies":[{"embeddable":true,"href":"https:\/\/ladepeche.mr\/index.php?rest_route=%2Fwp%2Fv2%2Fcomments&post=12373"}],"version-history":[{"count":1,"href":"https:\/\/ladepeche.mr\/index.php?rest_route=\/wp\/v2\/posts\/12373\/revisions"}],"predecessor-version":[{"id":12375,"href":"https:\/\/ladepeche.mr\/index.php?rest_route=\/wp\/v2\/posts\/12373\/revisions\/12375"}],"wp:featuredmedia":[{"embeddable":true,"href":"https:\/\/ladepeche.mr\/index.php?rest_route=\/wp\/v2\/media\/12374"}],"wp:attachment":[{"href":"https:\/\/ladepeche.mr\/index.php?rest_route=%2Fwp%2Fv2%2Fmedia&parent=12373"}],"wp:term":[{"taxonomy":"category","embeddable":true,"href":"https:\/\/ladepeche.mr\/index.php?rest_route=%2Fwp%2Fv2%2Fcategories&post=12373"},{"taxonomy":"post_tag","embeddable":true,"href":"https:\/\/ladepeche.mr\/index.php?rest_route=%2Fwp%2Fv2%2Ftags&post=12373"}],"curies":[{"name":"wp","href":"https:\/\/api.w.org\/{rel}","templated":true}]}}