{"id":12387,"date":"2024-11-05T19:24:16","date_gmt":"2024-11-05T19:24:16","guid":{"rendered":"https:\/\/ladepeche.mr\/?p=12387"},"modified":"2024-11-05T19:24:16","modified_gmt":"2024-11-05T19:24:16","slug":"snim-les-ventes-du-minerai-de-fer-en-hausse","status":"publish","type":"post","link":"https:\/\/ladepeche.mr\/?p=12387","title":{"rendered":"SNIM\u00a0: les ventes du minerai de fer en hausse"},"content":{"rendered":"<p>La SNIM a d\u00e9j\u00e0 vendu, au 30 septembre de l\u2019ann\u00e9e en cours, 10,682 millions de tonnes de minerai de fer, \u00e0 travers le monde, avec un l\u00e9ger d\u00e9passement de 1.7 % par rapport \u00e0 son objectif commercial cibl\u00e9 pour les 9 premiers mois.<\/p>\n<p>Elle poursuit donc une ambitieuse approche commerciale de diversification de ses clients qui lui permet aujourd\u2019hui d\u2019\u00e9tendre sa pr\u00e9sence dans la zone du Moyen-Orient, avec notamment l\u2019exportation, courant septembre 2024, d\u2019une cargaison de plus de 150 mille tonnes \u00e0 destination de l\u2019Egypte. La conqu\u00eate du march\u00e9 \u00e9gyptien intervient apr\u00e8s le retour de la SNIM, il y a deux ans, sur le march\u00e9 alg\u00e9rien qui repr\u00e9sente aujourd\u2019hui, plus de 9% de ses ventes. Le march\u00e9 des exportations nationales de minerai de fer reste domin\u00e9 par la Chine avec 65.09%, durant les neuf mois pass\u00e9s de l\u2019ann\u00e9e.<\/p>\n<p>Cette nouvelle agressivit\u00e9 commerciale pour les march\u00e9s de proximit\u00e9 est issue du Programme Strat\u00e9gique d&#8217;Entreprise (PSE), visant notamment \u00e0 renforcer sa comp\u00e9titivit\u00e9 et \u00e0 \u00e9largir ses d\u00e9bouch\u00e9s.\u00a0 Une approche proactive, et holistique, li\u00e9e aux changements cycliques du march\u00e9 et qui lui permet de r\u00e9agir et anticiper promptement les al\u00e9as m\u00e9t\u00e9orologiques, g\u00e9opolitiques et \u00e9conomiques pouvant affecter le march\u00e9 international du minerai de fer.<\/p>\n<p>Cet effort de production est sous-tendu par une dynamique et une synergie d\u2019efforts \u00e0 tous les paliers de l\u2019entreprise fixant l\u2019objectif de vente pour 2024 \u00e0 14 millions de tonnes et dont la r\u00e9alisation ouvrira la porte pour de nouveaux objectifs d\u00e8s 2025.<\/p>\n<p>C\u2019est sans doute dans cet esprit qu\u2019il faut inscrire la mise en service de la nouvelle ligne de chargement, le 28 ao\u00fbt dernier, d\u2019une capacit\u00e9 de 6000 tonnes par heure. Une ligne con\u00e7ue pour contribuer \u00e0 la s\u00e9curisation de la cha\u00eene de chargement des navires au port min\u00e9ralier de Nouadhibou. Cette ligne permet de faire fonctionner simultan\u00e9ment les deux culbuteurs pour le d\u00e9chargement des wagons et la mise en stock des produits. Une nouveaut\u00e9 qui, dans l\u2019objectif global de rendement, permet de gagner en productivit\u00e9.<\/p>\n<p>La SNIM, dont les ventes, en 2023, repr\u00e9sentaient 35% des exportations du pays, joue \u00e9galement un r\u00f4le social crucial car elle pourvoit pr\u00e8s de 7000 emplois, exclusivement mauritaniens, avec une politique de motivation moderne, o\u00f9 la volont\u00e9 de r\u00e9partition de la richesse est manifestement affich\u00e9e.<\/p>\n<p>&nbsp;<\/p>\n","protected":false},"excerpt":{"rendered":"<p>La SNIM a d\u00e9j\u00e0 vendu, au 30 septembre de l\u2019ann\u00e9e en cours, 10,682 millions de tonnes de minerai de fer, \u00e0 travers le monde, avec un l\u00e9ger d\u00e9passement de 1.7 % par rapport \u00e0 son objectif commercial cibl\u00e9 pour les 9 premiers mois. Elle poursuit donc une ambitieuse approche commerciale de diversification de ses clients &hellip;<\/p>\n","protected":false},"author":2,"featured_media":12388,"comment_status":"open","ping_status":"open","sticky":false,"template":"","format":"standard","meta":{"footnotes":""},"categories":[18,2],"tags":[],"class_list":["post-12387","post","type-post","status-publish","format-standard","has-post-thumbnail","hentry","category-actualites","category-economie"],"_links":{"self":[{"href":"https:\/\/ladepeche.mr\/index.php?rest_route=\/wp\/v2\/posts\/12387","targetHints":{"allow":["GET"]}}],"collection":[{"href":"https:\/\/ladepeche.mr\/index.php?rest_route=\/wp\/v2\/posts"}],"about":[{"href":"https:\/\/ladepeche.mr\/index.php?rest_route=\/wp\/v2\/types\/post"}],"author":[{"embeddable":true,"href":"https:\/\/ladepeche.mr\/index.php?rest_route=\/wp\/v2\/users\/2"}],"replies":[{"embeddable":true,"href":"https:\/\/ladepeche.mr\/index.php?rest_route=%2Fwp%2Fv2%2Fcomments&post=12387"}],"version-history":[{"count":1,"href":"https:\/\/ladepeche.mr\/index.php?rest_route=\/wp\/v2\/posts\/12387\/revisions"}],"predecessor-version":[{"id":12389,"href":"https:\/\/ladepeche.mr\/index.php?rest_route=\/wp\/v2\/posts\/12387\/revisions\/12389"}],"wp:featuredmedia":[{"embeddable":true,"href":"https:\/\/ladepeche.mr\/index.php?rest_route=\/wp\/v2\/media\/12388"}],"wp:attachment":[{"href":"https:\/\/ladepeche.mr\/index.php?rest_route=%2Fwp%2Fv2%2Fmedia&parent=12387"}],"wp:term":[{"taxonomy":"category","embeddable":true,"href":"https:\/\/ladepeche.mr\/index.php?rest_route=%2Fwp%2Fv2%2Fcategories&post=12387"},{"taxonomy":"post_tag","embeddable":true,"href":"https:\/\/ladepeche.mr\/index.php?rest_route=%2Fwp%2Fv2%2Ftags&post=12387"}],"curies":[{"name":"wp","href":"https:\/\/api.w.org\/{rel}","templated":true}]}}