{"id":12400,"date":"2024-11-06T16:06:24","date_gmt":"2024-11-06T16:06:24","guid":{"rendered":"https:\/\/ladepeche.mr\/?p=12400"},"modified":"2024-11-06T16:07:33","modified_gmt":"2024-11-06T16:07:33","slug":"nouakchott-le-president-de-la-republique-ordonne-laffectation-de-50-milliards-douguiyas-anciennes-au-financement-dun-programme-urgent-de-developpement-et-de-modernisation-d","status":"publish","type":"post","link":"https:\/\/ladepeche.mr\/?p=12400","title":{"rendered":"Nouakchott: Le Pr\u00e9sident de la R\u00e9publique ordonne l\u2019affectation de 50 milliards d\u2019ouguiyas anciennes au financement d\u2019un programme urgent de d\u00e9veloppement et de modernisation de la ville"},"content":{"rendered":"<h1 class=\"single-post-title\"><span style=\"font-size: 16px; font-weight: 400;\">SEM le Pr\u00e9sident de la R\u00e9publique, Mohamed Ould Cheikh El-Ghazouani, a re\u00e7u, mardi, au Palais pr\u00e9sidentiel, le Premier ministre, M. Mokhtar Ould Diay, et plusieurs membres du gouvernement concern\u00e9s par les composantes d\u2019un nouveau programme int\u00e9gr\u00e9 d\u2019urgence visant \u00e0 d\u00e9velopper et \u00e0 moderniser la ville de Nouakchott, \u00e0 accro\u00eetre son attractivit\u00e9 et \u00e0 faciliter les conditions de vie de ses habitants.<\/span><\/h1>\n<div class=\"post-meta-wrap clearfix\">\n<p>Le Pr\u00e9sident de la R\u00e9publique a ordonn\u00e9 l\u2019affectation d\u2019un montant de 50 milliards d\u2019anciennes ouguiyas pour le financement de ce programme int\u00e9gr\u00e9 d\u2019urgence visant le d\u00e9veloppement et la modernisation de la ville de Nouakchott, en associant les autorit\u00e9s locales et les \u00e9lus \u00e0 l\u2019\u00e9laboration du concept final du programme selon une approche participative, appelant \u00e0 la n\u00e9cessit\u00e9 d\u2019assurer un cadre de vie d\u00e9cent et d\u2019am\u00e9liorer les conditions des citoyens en g\u00e9n\u00e9ral, et des habitants de la capitale Nouakchott en particulier.<\/p>\n<p>Au cours de cette r\u00e9union, diverses propositions ont \u00e9t\u00e9 pr\u00e9sent\u00e9es par les ministres, chacun selon sa sp\u00e9cialit\u00e9, qui ont port\u00e9 sur les domaines des services de base tels que l\u2019eau, l\u2019\u00e9lectricit\u00e9, la sant\u00e9, l\u2019\u00e9ducation, l\u2019assainissement et l\u2019hygi\u00e8ne, ainsi que les infrastructures routi\u00e8res et sportives.<\/p>\n<p>Ces propositions visent \u00e0 fournir des services, \u00e0 am\u00e9liorer leur qualit\u00e9 et \u00e0 assurer leur durabilit\u00e9.<\/p>\n<p>Son Excellence le Pr\u00e9sident de la R\u00e9publique a donn\u00e9 instruction aux ministres pr\u00e9sents \u00e0 cette rencontre de mettre en \u0153uvre imm\u00e9diatement les composantes de ce programme, qui devrait avoir un impact positif et efficace sur l\u2019am\u00e9lioration de la vie des citoyens et sur le renforcement de l\u2019attractivit\u00e9 de la ville.<\/p>\n<p>Le programme d\u2019urgence comprend plusieurs volets :<\/p>\n<p>1 \u2013 L\u2019autonomisation des jeunes et le service civique, qui comprend la r\u00e9habilitation et la construction de diverses installations sportives.<\/p>\n<p>2 \u2013 Le volet sant\u00e9, qui comprend la r\u00e9novation, la r\u00e9habilitation et l\u2019extension des installations sanitaires existantes et la construction de nouvelles infrastructures de sant\u00e9.<\/p>\n<p>3-Le volet \u00e9ducation, qui comprend la r\u00e9novation et la r\u00e9habilitation des infrastructures scolaires existantes et la construction de nouvelles.<\/p>\n<p>4) Le volet \u00e9lectricit\u00e9 qui consiste \u00e0 \u00e9tendre les points de commutation, les r\u00e9seaux de distribution et l\u2019\u00e9clairage public afin d\u2019am\u00e9liorer l\u2019acc\u00e8s \u00e0 l\u2019\u00e9lectricit\u00e9 dans les quartiers de la capitale et d\u2019assurer la continuit\u00e9 du service.<\/p>\n<p>5)- Le volet eau potable qui concerne l\u2019extension des r\u00e9seaux de distribution d\u2019eau dans les quartiers cibl\u00e9s et le renforcement du pompage de l\u2019eau.<\/p>\n<p>6 \u2013 Le volet acc\u00e8s \u00e0 l\u2019assainissement.<\/p>\n<p>7 \u2013 Volet propret\u00e9 et gestion des d\u00e9chets.<\/p>\n<p>8 \u2013 Volet infrastructures routi\u00e8res, qui comprend l\u2019extension du r\u00e9seau routier asphalt\u00e9 et le d\u00e9senclavement.<\/p>\n<p>La r\u00e9union s\u2019est d\u00e9roul\u00e9e en pr\u00e9sence de MM :<\/p>\n<p>\u2013 Nani Ould Chrougha, Ministre charg\u00e9 du Cabinet du Pr\u00e9sident de la R\u00e9publique.<\/p>\n<p>\u2013 Mme Houda Babah, Ministre de l\u2019Education Nationale et de la R\u00e9forme du Syst\u00e8me d\u2019Enseignement.<\/p>\n<p>\u2013 Abdallahi Ould Wedih, ministre de la Sant\u00e9.<\/p>\n<p>\u2013 Mohamed Ould Khaled, ministre de l\u2019Energie et du P\u00e9trole.<\/p>\n<p>\u2013 Mamoudou Mamadou Niang, Ministre de l\u2019Habitat, de l\u2019Urbanisme et de l\u2019Am\u00e9nagement du Territoire.<\/p>\n<p>\u2013 Ely Ould El Veirik, Ministre de l\u2019Equipement et des Transports.<\/p>\n<p>\u2013 Mme Amal Mint Maouloud, Ministre de l\u2019Hydraulique et de l\u2019Assainissement.<\/p>\n<p>\u2013 Yacoub Ould Salem Vall, Ministre d\u00e9l\u00e9gu\u00e9 aupr\u00e8s du Ministre de l\u2019Int\u00e9rieur, charg\u00e9 de la promotion de la d\u00e9centralisation et du d\u00e9veloppement local.<\/p>\n<p>\u2013 Cheikh Abdallahi Bodde, D\u00e9l\u00e9gu\u00e9 g\u00e9n\u00e9ral \u00e0 la solidarit\u00e9 nationale et \u00e0 la lutte contre l\u2019exclusion (Taazour).<\/p>\n<\/div>\n","protected":false},"excerpt":{"rendered":"<p>SEM le Pr\u00e9sident de la R\u00e9publique, Mohamed Ould Cheikh El-Ghazouani, a re\u00e7u, mardi, au Palais pr\u00e9sidentiel, le Premier ministre, M. Mokhtar Ould Diay, et plusieurs membres du gouvernement concern\u00e9s par les composantes d\u2019un nouveau programme int\u00e9gr\u00e9 d\u2019urgence visant \u00e0 d\u00e9velopper et \u00e0 moderniser la ville de Nouakchott, \u00e0 accro\u00eetre son attractivit\u00e9 et \u00e0 faciliter les &hellip;<\/p>\n","protected":false},"author":2,"featured_media":12401,"comment_status":"open","ping_status":"open","sticky":false,"template":"","format":"standard","meta":{"footnotes":""},"categories":[18,2],"tags":[],"class_list":["post-12400","post","type-post","status-publish","format-standard","has-post-thumbnail","hentry","category-actualites","category-economie"],"_links":{"self":[{"href":"https:\/\/ladepeche.mr\/index.php?rest_route=\/wp\/v2\/posts\/12400","targetHints":{"allow":["GET"]}}],"collection":[{"href":"https:\/\/ladepeche.mr\/index.php?rest_route=\/wp\/v2\/posts"}],"about":[{"href":"https:\/\/ladepeche.mr\/index.php?rest_route=\/wp\/v2\/types\/post"}],"author":[{"embeddable":true,"href":"https:\/\/ladepeche.mr\/index.php?rest_route=\/wp\/v2\/users\/2"}],"replies":[{"embeddable":true,"href":"https:\/\/ladepeche.mr\/index.php?rest_route=%2Fwp%2Fv2%2Fcomments&post=12400"}],"version-history":[{"count":3,"href":"https:\/\/ladepeche.mr\/index.php?rest_route=\/wp\/v2\/posts\/12400\/revisions"}],"predecessor-version":[{"id":12404,"href":"https:\/\/ladepeche.mr\/index.php?rest_route=\/wp\/v2\/posts\/12400\/revisions\/12404"}],"wp:featuredmedia":[{"embeddable":true,"href":"https:\/\/ladepeche.mr\/index.php?rest_route=\/wp\/v2\/media\/12401"}],"wp:attachment":[{"href":"https:\/\/ladepeche.mr\/index.php?rest_route=%2Fwp%2Fv2%2Fmedia&parent=12400"}],"wp:term":[{"taxonomy":"category","embeddable":true,"href":"https:\/\/ladepeche.mr\/index.php?rest_route=%2Fwp%2Fv2%2Fcategories&post=12400"},{"taxonomy":"post_tag","embeddable":true,"href":"https:\/\/ladepeche.mr\/index.php?rest_route=%2Fwp%2Fv2%2Ftags&post=12400"}],"curies":[{"name":"wp","href":"https:\/\/api.w.org\/{rel}","templated":true}]}}