{"id":12409,"date":"2024-11-06T21:17:59","date_gmt":"2024-11-06T21:17:59","guid":{"rendered":"https:\/\/ladepeche.mr\/?p=12409"},"modified":"2024-11-06T21:17:59","modified_gmt":"2024-11-06T21:17:59","slug":"le-ministre-de-leconomie-et-des-finances-recoit-lambassadeur-du-japon-dans-notre-pays","status":"publish","type":"post","link":"https:\/\/ladepeche.mr\/?p=12409","title":{"rendered":"Le ministre de l&#8217;\u00c9conomie et des Finances re\u00e7oit l&#8217;Ambassadeur du Japon dans notre pays"},"content":{"rendered":"<p>Son Excellence le ministre de l&#8217;\u00c9conomie et des Finances, M. Sid&#8217;Ahmed Ould Bouh, a re\u00e7u en audience, mercredi apr\u00e8s-midi, l&#8217;ambassadeur du Japon accr\u00e9dit\u00e9 en Mauritanie, SEM. Uchida Tatsukuni.<\/p>\n<p>Au cours de la rencontre, les deux parties ont pass\u00e9 en revue les divers domaines de coop\u00e9ration entre la Mauritanie et le Japon ainsi que les moyens susceptibles d&#8217;en renforcer et d&#8217;en d\u00e9velopper les perspectives, en particulier dans les secteurs de l&#8217;\u00e9conomie et des finances.<\/p>\n<p>La rencontre s&#8217;est d\u00e9roul\u00e9e en pr\u00e9sence du directeur g\u00e9n\u00e9ral des Financements et de la Coop\u00e9ration \u00c9conomique, M. Mohamed Salem Ould Nani.<\/p>\n<p>MEF<\/p>\n","protected":false},"excerpt":{"rendered":"<p>Son Excellence le ministre de l&#8217;\u00c9conomie et des Finances, M. Sid&#8217;Ahmed Ould Bouh, a re\u00e7u en audience, mercredi apr\u00e8s-midi, l&#8217;ambassadeur du Japon accr\u00e9dit\u00e9 en Mauritanie, SEM. Uchida Tatsukuni. Au cours de la rencontre, les deux parties ont pass\u00e9 en revue les divers domaines de coop\u00e9ration entre la Mauritanie et le Japon ainsi que les moyens &hellip;<\/p>\n","protected":false},"author":2,"featured_media":12410,"comment_status":"open","ping_status":"open","sticky":false,"template":"","format":"standard","meta":{"footnotes":""},"categories":[18,2],"tags":[],"class_list":["post-12409","post","type-post","status-publish","format-standard","has-post-thumbnail","hentry","category-actualites","category-economie"],"_links":{"self":[{"href":"https:\/\/ladepeche.mr\/index.php?rest_route=\/wp\/v2\/posts\/12409","targetHints":{"allow":["GET"]}}],"collection":[{"href":"https:\/\/ladepeche.mr\/index.php?rest_route=\/wp\/v2\/posts"}],"about":[{"href":"https:\/\/ladepeche.mr\/index.php?rest_route=\/wp\/v2\/types\/post"}],"author":[{"embeddable":true,"href":"https:\/\/ladepeche.mr\/index.php?rest_route=\/wp\/v2\/users\/2"}],"replies":[{"embeddable":true,"href":"https:\/\/ladepeche.mr\/index.php?rest_route=%2Fwp%2Fv2%2Fcomments&post=12409"}],"version-history":[{"count":1,"href":"https:\/\/ladepeche.mr\/index.php?rest_route=\/wp\/v2\/posts\/12409\/revisions"}],"predecessor-version":[{"id":12411,"href":"https:\/\/ladepeche.mr\/index.php?rest_route=\/wp\/v2\/posts\/12409\/revisions\/12411"}],"wp:featuredmedia":[{"embeddable":true,"href":"https:\/\/ladepeche.mr\/index.php?rest_route=\/wp\/v2\/media\/12410"}],"wp:attachment":[{"href":"https:\/\/ladepeche.mr\/index.php?rest_route=%2Fwp%2Fv2%2Fmedia&parent=12409"}],"wp:term":[{"taxonomy":"category","embeddable":true,"href":"https:\/\/ladepeche.mr\/index.php?rest_route=%2Fwp%2Fv2%2Fcategories&post=12409"},{"taxonomy":"post_tag","embeddable":true,"href":"https:\/\/ladepeche.mr\/index.php?rest_route=%2Fwp%2Fv2%2Ftags&post=12409"}],"curies":[{"name":"wp","href":"https:\/\/api.w.org\/{rel}","templated":true}]}}