{"id":12421,"date":"2024-11-07T12:00:31","date_gmt":"2024-11-07T12:00:31","guid":{"rendered":"https:\/\/ladepeche.mr\/?p=12421"},"modified":"2024-11-07T11:43:39","modified_gmt":"2024-11-07T11:43:39","slug":"mise-en-liberte-de-lactiviste-politique-ahmed-ould-samba","status":"publish","type":"post","link":"https:\/\/ladepeche.mr\/?p=12421","title":{"rendered":"Mise en libert\u00e9 de l\u2019activiste politique Ahmed Ould Samba"},"content":{"rendered":"<p>La justice mauritanienne a d\u00e9cid\u00e9 mercredi 6 novembre courant, de relaxer l\u2019activiste politique Ahmed Abdallahi Samba, 4 jours apr\u00e8s l\u2019expiration de sa p\u00e9riode de d\u00e9tention provisoire dans l&#8217;attente du lancement d\u2019une enqu\u00eate le visant, ont rapport\u00e9 des sources g\u00e9n\u00e9ralement bien inform\u00e9es.<\/p>\n<p>Ould Samba avait \u00e9t\u00e9 d\u00e9f\u00e9r\u00e9 \u00e0 la prison le 2 octobre dernier, par d\u00e9cision du parquet de Nouakchott Ouest, sur fond d&#8217;un enregistrement audio diffus\u00e9 sur les r\u00e9seaux sociaux fin septembre 2024.<\/p>\n<p>Un audio largement diffus\u00e9 dans lequel il indexe l\u2019actuel pouvoir mauritanien de corruption et de racisme et de leur parrainage.<\/p>\n<p>Ancien inspecteur au minist\u00e8re des finance, Ould Samba avait d\u00e9mis par le Conseil des Ministres, \u00e0 la suite de la diffusion desdits enregistrements, de ses fonctions, rappelle-t-on.<\/p>\n<p>rimnow<\/p>\n","protected":false},"excerpt":{"rendered":"<p>La justice mauritanienne a d\u00e9cid\u00e9 mercredi 6 novembre courant, de relaxer l\u2019activiste politique Ahmed Abdallahi Samba, 4 jours apr\u00e8s l\u2019expiration de sa p\u00e9riode de d\u00e9tention provisoire dans l&#8217;attente du lancement d\u2019une enqu\u00eate le visant, ont rapport\u00e9 des sources g\u00e9n\u00e9ralement bien inform\u00e9es. Ould Samba avait \u00e9t\u00e9 d\u00e9f\u00e9r\u00e9 \u00e0 la prison le 2 octobre dernier, par d\u00e9cision &hellip;<\/p>\n","protected":false},"author":2,"featured_media":11754,"comment_status":"open","ping_status":"open","sticky":false,"template":"","format":"standard","meta":{"footnotes":""},"categories":[18,31],"tags":[],"class_list":["post-12421","post","type-post","status-publish","format-standard","has-post-thumbnail","hentry","category-actualites","category-politique-et-reportages"],"_links":{"self":[{"href":"https:\/\/ladepeche.mr\/index.php?rest_route=\/wp\/v2\/posts\/12421","targetHints":{"allow":["GET"]}}],"collection":[{"href":"https:\/\/ladepeche.mr\/index.php?rest_route=\/wp\/v2\/posts"}],"about":[{"href":"https:\/\/ladepeche.mr\/index.php?rest_route=\/wp\/v2\/types\/post"}],"author":[{"embeddable":true,"href":"https:\/\/ladepeche.mr\/index.php?rest_route=\/wp\/v2\/users\/2"}],"replies":[{"embeddable":true,"href":"https:\/\/ladepeche.mr\/index.php?rest_route=%2Fwp%2Fv2%2Fcomments&post=12421"}],"version-history":[{"count":1,"href":"https:\/\/ladepeche.mr\/index.php?rest_route=\/wp\/v2\/posts\/12421\/revisions"}],"predecessor-version":[{"id":12422,"href":"https:\/\/ladepeche.mr\/index.php?rest_route=\/wp\/v2\/posts\/12421\/revisions\/12422"}],"wp:featuredmedia":[{"embeddable":true,"href":"https:\/\/ladepeche.mr\/index.php?rest_route=\/wp\/v2\/media\/11754"}],"wp:attachment":[{"href":"https:\/\/ladepeche.mr\/index.php?rest_route=%2Fwp%2Fv2%2Fmedia&parent=12421"}],"wp:term":[{"taxonomy":"category","embeddable":true,"href":"https:\/\/ladepeche.mr\/index.php?rest_route=%2Fwp%2Fv2%2Fcategories&post=12421"},{"taxonomy":"post_tag","embeddable":true,"href":"https:\/\/ladepeche.mr\/index.php?rest_route=%2Fwp%2Fv2%2Ftags&post=12421"}],"curies":[{"name":"wp","href":"https:\/\/api.w.org\/{rel}","templated":true}]}}