{"id":12426,"date":"2024-11-07T12:55:44","date_gmt":"2024-11-07T12:55:44","guid":{"rendered":"https:\/\/ladepeche.mr\/?p=12426"},"modified":"2024-11-07T12:55:44","modified_gmt":"2024-11-07T12:55:44","slug":"infrastructures-de-peche-appui-de-20m-euros-de-lallemagne-au-profit-de-notre-pays","status":"publish","type":"post","link":"https:\/\/ladepeche.mr\/?p=12426","title":{"rendered":"Infrastructures de p\u00eache\u00a0: Appui de 20M euros de l\u2019Allemagne au profit de notre pays"},"content":{"rendered":"<p>Le ministre de l\u2019\u00c9conomie et des Finances, M. Sid\u2019Ahmed Ould Bouh, a sign\u00e9, jeudi \u00e0 Nouakchott, avec\u00a0 l&#8217;ambassadeur de la R\u00e9publique f\u00e9d\u00e9rale d&#8217;Allemagne en Mauritanie, SEM. Florian Rindel, un accord de coop\u00e9ration financi\u00e8re destin\u00e9 au financement d&#8217;un projet d&#8217;appui au minist\u00e8re de la P\u00eache, des infrastructures maritimes et portuaires pour un co\u00fbt de vingt millions (20 000 000) d\u2019euros, soit environ huit cent soixante-six millions (866 000 000) d\u2019ouguiyas nouvelles.<\/p>\n<p>Cet appui, accord\u00e9 par la R\u00e9publique f\u00e9d\u00e9rale d&#8217;Allemagne \u00e0 travers la Banque de D\u00e9veloppement Allemande (KFW), sign\u00e9 en pr\u00e9sence du ministre des p\u00eaches, sera allou\u00e9 \u00e0 la mise en \u0153uvre de la strat\u00e9gie nationale pour le secteur de la p\u00eache.<\/p>\n<p>Le pr\u00e9sent appui allemand devrait \u00ab\u00a0contribuer \u00e0 la protection des stocks nationaux de faune marine, et d&#8217;acqu\u00e9rir un navire de surveillance au profit des gardes-c\u00f4tes afin de renforcer leurs capacit\u00e9s op\u00e9rationnelles. Des activit\u00e9s pilotes de protection du milieu marin et du littoral contre la pollution seront \u00e9galement organis\u00e9es\u00a0\u00bb a d\u00e9clar\u00e9 lors de la signature de l\u2019accord le ministre mauritanien de l\u2019\u00e9conomie et des finances, Ould Bouh.<\/p>\n<p>Le ministre mauritanien a encore lou\u00e9 \u00ab\u00a0le niveau de coop\u00e9ration bilat\u00e9rale qui a permis la r\u00e9alisation de projets de d\u00e9veloppement importants dans des secteurs vitaux et a exprim\u00e9 la gratitude du peuple et du gouvernement mauritaniens envers le gouvernement et le peuple allemands\u00a0\u00bb. Un point de vue partag\u00e9 par l\u2019ambassadeur allemand qui dit \u00ab\u00a0appr\u00e9cier le niveau de coop\u00e9ration et de partenariat unissant la Mauritanie et l\u2019Allemagne\u00a0\u00bb.<\/p>\n<p>&nbsp;<\/p>\n","protected":false},"excerpt":{"rendered":"<p>Le ministre de l\u2019\u00c9conomie et des Finances, M. Sid\u2019Ahmed Ould Bouh, a sign\u00e9, jeudi \u00e0 Nouakchott, avec\u00a0 l&#8217;ambassadeur de la R\u00e9publique f\u00e9d\u00e9rale d&#8217;Allemagne en Mauritanie, SEM. Florian Rindel, un accord de coop\u00e9ration financi\u00e8re destin\u00e9 au financement d&#8217;un projet d&#8217;appui au minist\u00e8re de la P\u00eache, des infrastructures maritimes et portuaires pour un co\u00fbt de vingt millions &hellip;<\/p>\n","protected":false},"author":2,"featured_media":12424,"comment_status":"open","ping_status":"open","sticky":false,"template":"","format":"standard","meta":{"footnotes":""},"categories":[18,2],"tags":[],"class_list":["post-12426","post","type-post","status-publish","format-standard","has-post-thumbnail","hentry","category-actualites","category-economie"],"_links":{"self":[{"href":"https:\/\/ladepeche.mr\/index.php?rest_route=\/wp\/v2\/posts\/12426","targetHints":{"allow":["GET"]}}],"collection":[{"href":"https:\/\/ladepeche.mr\/index.php?rest_route=\/wp\/v2\/posts"}],"about":[{"href":"https:\/\/ladepeche.mr\/index.php?rest_route=\/wp\/v2\/types\/post"}],"author":[{"embeddable":true,"href":"https:\/\/ladepeche.mr\/index.php?rest_route=\/wp\/v2\/users\/2"}],"replies":[{"embeddable":true,"href":"https:\/\/ladepeche.mr\/index.php?rest_route=%2Fwp%2Fv2%2Fcomments&post=12426"}],"version-history":[{"count":1,"href":"https:\/\/ladepeche.mr\/index.php?rest_route=\/wp\/v2\/posts\/12426\/revisions"}],"predecessor-version":[{"id":12427,"href":"https:\/\/ladepeche.mr\/index.php?rest_route=\/wp\/v2\/posts\/12426\/revisions\/12427"}],"wp:featuredmedia":[{"embeddable":true,"href":"https:\/\/ladepeche.mr\/index.php?rest_route=\/wp\/v2\/media\/12424"}],"wp:attachment":[{"href":"https:\/\/ladepeche.mr\/index.php?rest_route=%2Fwp%2Fv2%2Fmedia&parent=12426"}],"wp:term":[{"taxonomy":"category","embeddable":true,"href":"https:\/\/ladepeche.mr\/index.php?rest_route=%2Fwp%2Fv2%2Fcategories&post=12426"},{"taxonomy":"post_tag","embeddable":true,"href":"https:\/\/ladepeche.mr\/index.php?rest_route=%2Fwp%2Fv2%2Ftags&post=12426"}],"curies":[{"name":"wp","href":"https:\/\/api.w.org\/{rel}","templated":true}]}}