{"id":12430,"date":"2024-11-07T21:55:17","date_gmt":"2024-11-07T21:55:17","guid":{"rendered":"https:\/\/ladepeche.mr\/?p=12430"},"modified":"2024-11-07T22:01:54","modified_gmt":"2024-11-07T22:01:54","slug":"massacres-a-gaza-une-parlementaire-allemande-evoque-un-antisemitisme-musulman","status":"publish","type":"post","link":"https:\/\/ladepeche.mr\/?p=12430","title":{"rendered":"Massacres \u00e0 Gaza: Une parlementaire allemande \u00e9voque un &#8220;antis\u00e9mitisme musulman&#8221;"},"content":{"rendered":"<p>Depuis le 07 octobre 20223, le gouvernement allemand affiche son soutien inconditionnel \u00e0 Isra\u00ebl. Pire, le gouvernement et des \u00e9lus allemands s\u2019ing\u00e9nient pour s\u2019illustrer dans ce soutien. Apr\u00e8s la remise en cause des massacres, pourtant d\u00e9nonc\u00e9s par plusieurs pays europ\u00e9ens, par sa ministre des affaires \u00e9trang\u00e8res, c\u2019est aujourd\u2019hui le tour pour une parlementaire d\u2019accueillir avec soulagement un projet de loi contre \u00abl\u2019antis\u00e9mitisme musulman\u00a0\u00bb. La d\u00e9nonciation de l\u2019antis\u00e9mitisme vire \u00e0 l\u2019islamophobie.<\/p>\n<p>Le gouvernement allemand qui, sans doute, d\u00e9veloppe des complexes historiques, entend prouver sa \u00ab\u00a0bonne foi\u00a0\u00bb vis-\u00e0-vis d\u2019Isra\u00e9l. \u00a0\u00ab\u00a0<em>La puissance des liens qui unissent Berlin et Isra\u00ebl se lit \u00e0 l\u2019aune de la responsabilit\u00e9 historique de l\u2019Allemagne dans la Shoah\u00a0\u00bb.<\/em> Et depuis le 07 octobre 2023, sous l\u2019impulsion de son chef, O. Scholz, le gouvernement allemand n\u2019arr\u00eate pas d\u2019en donner les preuves au point de remettre en cause des valeurs qu\u2019il dit porter avec l\u2019humanit\u00e9.<\/p>\n<p>Malheureusement pour l\u2019Allemagne, d\u2019un g\u00e9nocide contre les juifs, lors de la seconde guerre mondiale, voil\u00e0 que le gouvernement Scholz au nom de son soutien aveugle, participe \u00e0 un autre g\u00e9nocide en Palestine. Ses appuis sont multiples. Les libert\u00e9s publiques sont bafou\u00e9es \u00e0 l\u2019autel de ce soutien. La police allemande a re\u00e7u et ex\u00e9cute, sans \u00e9tat d\u2019\u00e2me, ce qui semble \u00eatre des instructions pour b\u00e2illonner la libert\u00e9 d\u2019expression et de manifestation. \u00a0Le soutien militaire a doubl\u00e9 et porte sur tout l\u2019arsenal allemand car pour le chancelier, Olaf Scholz \u00ab\u00a0l\u2019intensit\u00e9 des frappes sur Gaza et les victimes civiles qui y sont attach\u00e9es, sont ins\u00e9parables du droit d\u2019Isra\u00ebl \u00e0 se d\u00e9fendre\u00a0\u00bb.\u00a0Le d\u00e9cor est plant\u00e9. Il sera m\u00eame clairement affich\u00e9 par la ministre des affaires \u00e9trang\u00e8res, <em>Annalena Baerbock. <\/em><\/p>\n<p><em>La ministre allemande, qui avait <\/em>c\u00e9l\u00e9br\u00e9 son dernier anniversaire avec des officiers de Tsahal, a r\u00e9cemment tenu un discours violent et gravissime, le 10 octobre 2024, lors de la session du Parlement f\u00e9d\u00e9ral allemand, quand elle a pr\u00e9tendu qu\u2019Israel avait le droit \u00ab \u00e0 attaquer les terroristes du Hamas quand ils se cachent derri\u00e8re des personnes, des \u00e9coles&#8230; les lieux civils perdent leur statut de protection \u00bb, avait-elle notamment argu\u00e9 pour justifier les massacres des civils et notamment les milliers d\u2019enfants palestiniens tu\u00e9s par l\u2019arm\u00e9e isra\u00e9lienne. Des d\u00e9clarations qui ont choqu\u00e9 partout dans le monde pour leur irresponsabilit\u00e9 et leur cruaut\u00e9 au point que lors de certains de ses voyages \u00e0 l\u2019ext\u00e9rieur, <em>Annalena Baerbock, avait boud\u00e9e par certains protocoles qui lui reprochent ce discours digne des extr\u00e9mistes. <\/em><\/p>\n<p>Mais apparemment les officiels du gouvernement et certains parlementaires se partagent la t\u00e2che. Aujourd\u2019hui, c\u2019est le tour de Beatrix von Storch, parlementaire allemande d\u2019accuser sans distinction les musulmans du monde d\u2019\u00eatre des antis\u00e9mites. Cette petite fille \u2013 du c\u00f4t\u00e9 de sa m\u00e8re- du ministre des finances d&#8217;Adolphe Hitler en (Lutz Schwerin von Krosigk 1932) dit accueillir avec satisfaction le projet de loi incriminant la critique d\u2019Isra\u00e9l et notamment contre \u00abl\u2019antis\u00e9mitisme musulman\u00a0\u00bb. Les officiels allemands se montrent malheureusement plus sionistes que les sionistes et utilisent tous les subterfuges pour justifier les massacres \u00e0 Gaza que leur gouvernement cautionne, sans ambages.<\/p>\n<p>JD<\/p>\n<p>&nbsp;<\/p>\n","protected":false},"excerpt":{"rendered":"<p>Depuis le 07 octobre 20223, le gouvernement allemand affiche son soutien inconditionnel \u00e0 Isra\u00ebl. Pire, le gouvernement et des \u00e9lus allemands s\u2019ing\u00e9nient pour s\u2019illustrer dans ce soutien. Apr\u00e8s la remise en cause des massacres, pourtant d\u00e9nonc\u00e9s par plusieurs pays europ\u00e9ens, par sa ministre des affaires \u00e9trang\u00e8res, c\u2019est aujourd\u2019hui le tour pour une parlementaire d\u2019accueillir avec &hellip;<\/p>\n","protected":false},"author":2,"featured_media":12431,"comment_status":"open","ping_status":"open","sticky":false,"template":"","format":"standard","meta":{"footnotes":""},"categories":[18,29],"tags":[],"class_list":["post-12430","post","type-post","status-publish","format-standard","has-post-thumbnail","hentry","category-actualites","category-monde"],"_links":{"self":[{"href":"https:\/\/ladepeche.mr\/index.php?rest_route=\/wp\/v2\/posts\/12430","targetHints":{"allow":["GET"]}}],"collection":[{"href":"https:\/\/ladepeche.mr\/index.php?rest_route=\/wp\/v2\/posts"}],"about":[{"href":"https:\/\/ladepeche.mr\/index.php?rest_route=\/wp\/v2\/types\/post"}],"author":[{"embeddable":true,"href":"https:\/\/ladepeche.mr\/index.php?rest_route=\/wp\/v2\/users\/2"}],"replies":[{"embeddable":true,"href":"https:\/\/ladepeche.mr\/index.php?rest_route=%2Fwp%2Fv2%2Fcomments&post=12430"}],"version-history":[{"count":2,"href":"https:\/\/ladepeche.mr\/index.php?rest_route=\/wp\/v2\/posts\/12430\/revisions"}],"predecessor-version":[{"id":12433,"href":"https:\/\/ladepeche.mr\/index.php?rest_route=\/wp\/v2\/posts\/12430\/revisions\/12433"}],"wp:featuredmedia":[{"embeddable":true,"href":"https:\/\/ladepeche.mr\/index.php?rest_route=\/wp\/v2\/media\/12431"}],"wp:attachment":[{"href":"https:\/\/ladepeche.mr\/index.php?rest_route=%2Fwp%2Fv2%2Fmedia&parent=12430"}],"wp:term":[{"taxonomy":"category","embeddable":true,"href":"https:\/\/ladepeche.mr\/index.php?rest_route=%2Fwp%2Fv2%2Fcategories&post=12430"},{"taxonomy":"post_tag","embeddable":true,"href":"https:\/\/ladepeche.mr\/index.php?rest_route=%2Fwp%2Fv2%2Ftags&post=12430"}],"curies":[{"name":"wp","href":"https:\/\/api.w.org\/{rel}","templated":true}]}}