{"id":12434,"date":"2024-11-07T22:30:03","date_gmt":"2024-11-07T22:30:03","guid":{"rendered":"https:\/\/ladepeche.mr\/?p=12434"},"modified":"2024-11-07T22:04:44","modified_gmt":"2024-11-07T22:04:44","slug":"le-maroc-elu-a-une-ecrasante-majorite-au-poste-de-vice-president-dinterpol-pour-lafrique","status":"publish","type":"post","link":"https:\/\/ladepeche.mr\/?p=12434","title":{"rendered":"Le Maroc \u00e9lu \u00e0 une \u00e9crasante majorit\u00e9 au poste de Vice-pr\u00e9sident d\u2019Interpol pour l\u2019Afrique"},"content":{"rendered":"<p>Rabat &#8211; Le Maroc a \u00e9t\u00e9 \u00e9lu jeudi, \u00e0 une grande majorit\u00e9, vice-pr\u00e9sident d\u2019Interpol pour l&#8217;Afrique, lors des \u00e9lections du comit\u00e9 ex\u00e9cutif de cette organisation et ce, en reconnaissance de ses efforts pour la pr\u00e9servation de la s\u00e9curit\u00e9 et de la stabilit\u00e9 aux niveaux r\u00e9gional et international et de son r\u00f4le pionnier au service de la coop\u00e9ration s\u00e9curitaire Sud-Sud.<\/p>\n<p>Un communiqu\u00e9 de la Direction G\u00e9n\u00e9rale de la S\u00fbret\u00e9 Nationale (DGSN) indique que le repr\u00e9sentant du Royaume a \u00e9t\u00e9 \u00e9lu gr\u00e2ce aux votes des d\u00e9l\u00e9gu\u00e9s de 96 pays membres, avec une large avance par rapport au reste des candidats, lors de l\u2019op\u00e9ration de vote qui s\u2019est d\u00e9roul\u00e9e \u00e0 l\u2019occasion de la 92\u00e8 Assembl\u00e9e G\u00e9n\u00e9rale d\u2019Interpol qui se tient \u00e0 Glasgow (4-7 novembre), en Ecosse.<\/p>\n<p>Le Maroc avait pr\u00e9sent\u00e9 sa candidature pour ce poste, anim\u00e9 en cela d\u2019une ferme volont\u00e9 de contribuer au d\u00e9veloppement des structures polici\u00e8res en Afrique, et d\u2019une d\u00e9termination r\u00e9solue \u00e0 renforcer la coop\u00e9ration s\u00e9curitaire Sud-Sud et \u00e0 \u00e9changer ses exp\u00e9riences et expertises avec les services de s\u00e9curit\u00e9 dans son environnement continental.<\/p>\n<p>La candidature marocaine s\u2019inspire des Hautes Orientations Royales \u00e9rigeant la coop\u00e9ration Sud-Sud en choix strat\u00e9gique et en priorit\u00e9 pour le Royaume et ses partenaires africains, selon une vision pragmatique fond\u00e9e sur le d\u00e9veloppement des relations liant le Maroc aux pays africains \u00e0 tous les niveaux, y compris s\u00e9curitaire.<\/p>\n<p>Sur la base de cette vision, le Royaume a d\u00e9pos\u00e9 un dossier de candidature bien ficel\u00e9 pour occuper ce poste, s&#8217;appuyant sur l&#8217;investissement dans les ressources humaines polici\u00e8res en Afrique, le d\u00e9veloppement des structures de s\u00e9curit\u00e9 et la consolidation de la coop\u00e9ration polici\u00e8re au sein de l&#8217;espace africain en vue d\u2019ass\u00e9cher les sources de l&#8217;immigration irr\u00e9guli\u00e8re et de trafic d\u2019\u00eatres humains et d&#8217;emp\u00eacher leurs liaisons avec les r\u00e9seaux de crime transfrontalier.<\/p>\n<p>Suite \u00e0 son \u00e9lection au comit\u00e9 ex\u00e9cutif d\u2019Interpol en tant que vice-pr\u00e9sident de l\u2019Organisation pour l&#8217;Afrique, le Maroc aspire \u00e0 coordonner les efforts avec les bureaux centraux nationaux dans les pays africains et dans le reste des pays du monde afin de r\u00e9pondre avec c\u00e9l\u00e9rit\u00e9 et efficience aux menaces terroristes li\u00e9es aux ramifications r\u00e9gionales des organisations extr\u00e9mistes.<\/p>\n<p>Il s\u2019agit aussi de mettre en lumi\u00e8re et de coordonner les efforts de lutte contre les risques non conventionnels se rapportant au recours malveillant \u00e0 l&#8217;Intelligence artificielle et aux nouvelles technologies par les groupes de crimes organis\u00e9s.<\/p>\n<p>La DGSN avait pr\u00e9sent\u00e9 \u00e0 ce poste la candidature du pr\u00e9fet de police Mohamed Dkhissi, directeur de la police judiciaire et chef du Bureau central national d\u2019Interpol-Rabat.<br \/>\nLe Directeur g\u00e9n\u00e9ral de la S\u00fbret\u00e9 Nationale et de la Surveillance du Territoire (DGSN-DGST), M. Abdellatif Hammouchi, qui a pr\u00e9sid\u00e9 la d\u00e9l\u00e9gation du Royaume du Maroc \u00e0 la 92\u00e8me session de l\u2019Assembl\u00e9e G\u00e9n\u00e9rale d\u2019Interpol \u00e0 Glasgow, a pris part aux discussions multilat\u00e9rales et \u00e0 des rencontres bilat\u00e9rales qui ont port\u00e9 sur les moyens de renforcer la coop\u00e9ration s\u00e9curitaire internationale et l\u2019action polici\u00e8re commune, outre le soutien de l\u2019appui \u00e0 la candidature du Maroc \u00e0 la vice-pr\u00e9sidence d\u2019Interpol pour l\u2019Afrique.<\/p>\n<p>Cr\u00e9\u00e9e en 1923, Interpol est une organisation internationale de police criminelle, dont l\u2019objectif principal est de soutenir les capacit\u00e9s nationales et l\u2019\u00e9change d\u2019informations et d\u2019expertises entre les services s\u00e9curitaires des 196 pays membres pour mieux pr\u00e9venir et lutter contre les ramifications transnationales des diff\u00e9rentes formes de crimes et de menaces s\u00e9curitaires.<\/p>\n","protected":false},"excerpt":{"rendered":"<p>Rabat &#8211; Le Maroc a \u00e9t\u00e9 \u00e9lu jeudi, \u00e0 une grande majorit\u00e9, vice-pr\u00e9sident d\u2019Interpol pour l&#8217;Afrique, lors des \u00e9lections du comit\u00e9 ex\u00e9cutif de cette organisation et ce, en reconnaissance de ses efforts pour la pr\u00e9servation de la s\u00e9curit\u00e9 et de la stabilit\u00e9 aux niveaux r\u00e9gional et international et de son r\u00f4le pionnier au service de &hellip;<\/p>\n","protected":false},"author":2,"featured_media":12435,"comment_status":"open","ping_status":"open","sticky":false,"template":"","format":"standard","meta":{"footnotes":""},"categories":[18,29],"tags":[],"class_list":["post-12434","post","type-post","status-publish","format-standard","has-post-thumbnail","hentry","category-actualites","category-monde"],"_links":{"self":[{"href":"https:\/\/ladepeche.mr\/index.php?rest_route=\/wp\/v2\/posts\/12434","targetHints":{"allow":["GET"]}}],"collection":[{"href":"https:\/\/ladepeche.mr\/index.php?rest_route=\/wp\/v2\/posts"}],"about":[{"href":"https:\/\/ladepeche.mr\/index.php?rest_route=\/wp\/v2\/types\/post"}],"author":[{"embeddable":true,"href":"https:\/\/ladepeche.mr\/index.php?rest_route=\/wp\/v2\/users\/2"}],"replies":[{"embeddable":true,"href":"https:\/\/ladepeche.mr\/index.php?rest_route=%2Fwp%2Fv2%2Fcomments&post=12434"}],"version-history":[{"count":1,"href":"https:\/\/ladepeche.mr\/index.php?rest_route=\/wp\/v2\/posts\/12434\/revisions"}],"predecessor-version":[{"id":12436,"href":"https:\/\/ladepeche.mr\/index.php?rest_route=\/wp\/v2\/posts\/12434\/revisions\/12436"}],"wp:featuredmedia":[{"embeddable":true,"href":"https:\/\/ladepeche.mr\/index.php?rest_route=\/wp\/v2\/media\/12435"}],"wp:attachment":[{"href":"https:\/\/ladepeche.mr\/index.php?rest_route=%2Fwp%2Fv2%2Fmedia&parent=12434"}],"wp:term":[{"taxonomy":"category","embeddable":true,"href":"https:\/\/ladepeche.mr\/index.php?rest_route=%2Fwp%2Fv2%2Fcategories&post=12434"},{"taxonomy":"post_tag","embeddable":true,"href":"https:\/\/ladepeche.mr\/index.php?rest_route=%2Fwp%2Fv2%2Ftags&post=12434"}],"curies":[{"name":"wp","href":"https:\/\/api.w.org\/{rel}","templated":true}]}}