{"id":12437,"date":"2024-11-07T22:11:39","date_gmt":"2024-11-07T22:11:39","guid":{"rendered":"https:\/\/ladepeche.mr\/?p=12437"},"modified":"2024-11-07T22:11:39","modified_gmt":"2024-11-07T22:11:39","slug":"le-premier-ministre-recoit-le-secretaire-executif-du-comite-permanent-inter-etats-du-cills","status":"publish","type":"post","link":"https:\/\/ladepeche.mr\/?p=12437","title":{"rendered":"Le Premier ministre re\u00e7oit le secr\u00e9taire ex\u00e9cutif du Comit\u00e9 permanent Inter- \u00c9tats du CILLS"},"content":{"rendered":"<p>Le Premier ministre, M. Mokhtar Diay, a re\u00e7u en audience, ce jeudi \u00e0 la Primature, le secr\u00e9taire ex\u00e9cutif du Comit\u00e9 permanent Inter- \u00c9tats de lutte contre la s\u00e9cheresse au Sahel (CILSS), M. Abdoulaye Mahamadou, qui vient d\u2019assister au Forum de Haut Niveau sur le Pastoralisme, plac\u00e9 sous le th\u00e8me : \u00ab Nouakchott+10 : Une d\u00e9cennie d\u2019action en faveur des communaut\u00e9s pastorales et agropastorales, acquis et pistes d\u2019avenir \u00bb.<\/p>\n<p>Les entretiens au cours de l\u2019audience ont port\u00e9 sur les diff\u00e9rents domaines de coop\u00e9ration et de partenariat entre la Mauritanie et cette organisation r\u00e9gionale et sur les moyens de les renforcer et de les d\u00e9velopper.<\/p>\n<p>Il a \u00e9t\u00e9 \u00e9galement question des r\u00e9sultats de la 59\u00e8me session ordinaire du Conseil des Ministres du Comit\u00e9 Permanent Conjoint de Lutte contre les Effets de la S\u00e9cheresse au Sahel (CILSS), qui s\u2019est tenue \u00e0 Nouakchott du 5 au 7 novembre.<\/p>\n<p>Dans une d\u00e9claration qu\u2019il a faite \u00e0 l\u2019issue de l\u2019audience que lui a accord\u00e9e le Premier ministre, M. Abdoulaye Mahamadou a indiqu\u00e9 avoir tenu \u00e0 rendre compte au premier ministre des travaux du forum sur le pastoralisme qui se tient dix ans apr\u00e8s la d\u00e9claration de Nouakchott relative au pastoralisme dans la r\u00e9gion.<\/p>\n<p>Il a ajout\u00e9 que les r\u00e9sultats des travaux ont \u00e9t\u00e9 appr\u00e9ci\u00e9s par les participants, sollicitant \u00e0 cette occasion le soutien et l\u2019accompagnement du Premier ministre dans la mobilisation des financements n\u00e9cessaires au projet, avant de pr\u00e9ciser que le Premier ministre a acc\u00e9d\u00e9 \u00e0 cette sollicitation en r\u00e9affirmant l\u2019engagement de la Mauritanie \u00e0 soutenir le projet.<\/p>\n<p>L\u2019audience s\u2019est d\u00e9roul\u00e9e en pr\u00e9sence du ministre de l\u2019Agriculture et de la Souverainet\u00e9 alimentaire, M. Memma Be\u00efbatta, du directeur de cabinet du Premier ministre, M. Cheikh Ould Zeidane, du conseiller du Premier ministre en charge de l\u2019agriculture et de l\u2019\u00e9levage, M. Ahmed El Haj, et de M. Mohamed Abdallahi Ould Babah, conseiller du secr\u00e9taire ex\u00e9cutif du CILLS.<\/p>\n<p>Ami<\/p>\n","protected":false},"excerpt":{"rendered":"<p>Le Premier ministre, M. Mokhtar Diay, a re\u00e7u en audience, ce jeudi \u00e0 la Primature, le secr\u00e9taire ex\u00e9cutif du Comit\u00e9 permanent Inter- \u00c9tats de lutte contre la s\u00e9cheresse au Sahel (CILSS), M. Abdoulaye Mahamadou, qui vient d\u2019assister au Forum de Haut Niveau sur le Pastoralisme, plac\u00e9 sous le th\u00e8me : \u00ab Nouakchott+10 : Une d\u00e9cennie &hellip;<\/p>\n","protected":false},"author":2,"featured_media":12438,"comment_status":"open","ping_status":"open","sticky":false,"template":"","format":"standard","meta":{"footnotes":""},"categories":[18,29],"tags":[],"class_list":["post-12437","post","type-post","status-publish","format-standard","has-post-thumbnail","hentry","category-actualites","category-monde"],"_links":{"self":[{"href":"https:\/\/ladepeche.mr\/index.php?rest_route=\/wp\/v2\/posts\/12437","targetHints":{"allow":["GET"]}}],"collection":[{"href":"https:\/\/ladepeche.mr\/index.php?rest_route=\/wp\/v2\/posts"}],"about":[{"href":"https:\/\/ladepeche.mr\/index.php?rest_route=\/wp\/v2\/types\/post"}],"author":[{"embeddable":true,"href":"https:\/\/ladepeche.mr\/index.php?rest_route=\/wp\/v2\/users\/2"}],"replies":[{"embeddable":true,"href":"https:\/\/ladepeche.mr\/index.php?rest_route=%2Fwp%2Fv2%2Fcomments&post=12437"}],"version-history":[{"count":1,"href":"https:\/\/ladepeche.mr\/index.php?rest_route=\/wp\/v2\/posts\/12437\/revisions"}],"predecessor-version":[{"id":12439,"href":"https:\/\/ladepeche.mr\/index.php?rest_route=\/wp\/v2\/posts\/12437\/revisions\/12439"}],"wp:featuredmedia":[{"embeddable":true,"href":"https:\/\/ladepeche.mr\/index.php?rest_route=\/wp\/v2\/media\/12438"}],"wp:attachment":[{"href":"https:\/\/ladepeche.mr\/index.php?rest_route=%2Fwp%2Fv2%2Fmedia&parent=12437"}],"wp:term":[{"taxonomy":"category","embeddable":true,"href":"https:\/\/ladepeche.mr\/index.php?rest_route=%2Fwp%2Fv2%2Fcategories&post=12437"},{"taxonomy":"post_tag","embeddable":true,"href":"https:\/\/ladepeche.mr\/index.php?rest_route=%2Fwp%2Fv2%2Ftags&post=12437"}],"curies":[{"name":"wp","href":"https:\/\/api.w.org\/{rel}","templated":true}]}}