{"id":12443,"date":"2024-11-08T14:55:36","date_gmt":"2024-11-08T14:55:36","guid":{"rendered":"https:\/\/ladepeche.mr\/?p=12443"},"modified":"2024-11-08T14:56:36","modified_gmt":"2024-11-08T14:56:36","slug":"examen-de-la-cooperation-rim-ue-le-comite-de-pilotage-se-reunit","status":"publish","type":"post","link":"https:\/\/ladepeche.mr\/?p=12443","title":{"rendered":"Examen de la coop\u00e9ration RIM-UE: Le comit\u00e9 de pilotage se r\u00e9unit"},"content":{"rendered":"<p>Son Excellence le ministre de l&#8217;\u00c9conomie et des Finances, M. Sid&#8217;Ahmed Ould Bouh, a supervis\u00e9 jeudi apr\u00e8s-midi, au si\u00e8ge du minist\u00e8re, les travaux du comit\u00e9 de pilotage charg\u00e9 d&#8217;examiner les programmes de coop\u00e9ration et de partenariat avec l&#8217;Union europ\u00e9enne, en pr\u00e9sence du chef de la d\u00e9l\u00e9gation de l&#8217;Union europ\u00e9enne accr\u00e9dit\u00e9 dans notre pays, SEM. Joaqu\u00edn Tasso Vilallonga.<\/p>\n<p>Au cours de la s\u00e9ance, le ministre a souhait\u00e9 la bienvenue \u00e0 l&#8217;ambassadeur et aux membres de la d\u00e9l\u00e9gation pr\u00e9sents, soulignant que cette participation de haut niveau t\u00e9moigne de l&#8217;importance de la nouvelle phase de partenariat pour les deux parties, qui entretiennent d&#8217;excellentes relations, se renfor\u00e7ant de jour en jour. Ceci est d\u00fb \u00e0 l&#8217;attention particuli\u00e8re accord\u00e9e par Son Excellence le Pr\u00e9sident de la R\u00e9publique, Monsieur Mohamed Ould Cheikh El Ghazouani, qui entretient des relations \u00e9troites avec les dirigeants de l&#8217;Union europ\u00e9enne et discute r\u00e9guli\u00e8rement avec eux autour des questions communes liant les deux parties.<\/p>\n<p>Le ministre a pass\u00e9 en revue les diff\u00e9rents dossiers de partenariat existant entre notre pays et l&#8217;Union europ\u00e9enne, caract\u00e9ris\u00e9s par des interactions positives et une coop\u00e9ration active des deux c\u00f4t\u00e9s. Cette dynamique est illustr\u00e9e aujourd&#8217;hui par le lancement des travaux du comit\u00e9 de pilotage, dont les discussions porteront principalement sur l&#8217;appui budg\u00e9taire fourni par l&#8217;Union europ\u00e9enne \u00e0 la Mauritanie.<\/p>\n<p>Par ailleurs, le ministre a \u00e9voqu\u00e9 les succ\u00e8s enregistr\u00e9s par notre pays ces derni\u00e8res ann\u00e9es dans les domaines des indicateurs de d\u00e9veloppement et des droits de l&#8217;homme, contribuant ainsi \u00e0 l&#8217;am\u00e9lioration des conditions de vie de la population, notamment des cat\u00e9gories les plus vuln\u00e9rables.<\/p>\n<p>Pour sa part, l&#8217;ambassadeur de l&#8217;Union europ\u00e9enne a exprim\u00e9 sa satisfaction quant aux progr\u00e8s r\u00e9alis\u00e9s en mati\u00e8re d&#8217;indicateurs et a exhort\u00e9 les \u00e9quipes participant \u00e0 intensifier leurs efforts pour acc\u00e9l\u00e9rer l\u2019accomplissement des t\u00e2ches qui leur sont assign\u00e9es.<\/p>\n<p>Source MEF<\/p>\n<p>titre LDM<\/p>\n","protected":false},"excerpt":{"rendered":"<p>Son Excellence le ministre de l&#8217;\u00c9conomie et des Finances, M. Sid&#8217;Ahmed Ould Bouh, a supervis\u00e9 jeudi apr\u00e8s-midi, au si\u00e8ge du minist\u00e8re, les travaux du comit\u00e9 de pilotage charg\u00e9 d&#8217;examiner les programmes de coop\u00e9ration et de partenariat avec l&#8217;Union europ\u00e9enne, en pr\u00e9sence du chef de la d\u00e9l\u00e9gation de l&#8217;Union europ\u00e9enne accr\u00e9dit\u00e9 dans notre pays, SEM. Joaqu\u00edn &hellip;<\/p>\n","protected":false},"author":2,"featured_media":12444,"comment_status":"open","ping_status":"open","sticky":false,"template":"","format":"standard","meta":{"footnotes":""},"categories":[18,2],"tags":[],"class_list":["post-12443","post","type-post","status-publish","format-standard","has-post-thumbnail","hentry","category-actualites","category-economie"],"_links":{"self":[{"href":"https:\/\/ladepeche.mr\/index.php?rest_route=\/wp\/v2\/posts\/12443","targetHints":{"allow":["GET"]}}],"collection":[{"href":"https:\/\/ladepeche.mr\/index.php?rest_route=\/wp\/v2\/posts"}],"about":[{"href":"https:\/\/ladepeche.mr\/index.php?rest_route=\/wp\/v2\/types\/post"}],"author":[{"embeddable":true,"href":"https:\/\/ladepeche.mr\/index.php?rest_route=\/wp\/v2\/users\/2"}],"replies":[{"embeddable":true,"href":"https:\/\/ladepeche.mr\/index.php?rest_route=%2Fwp%2Fv2%2Fcomments&post=12443"}],"version-history":[{"count":2,"href":"https:\/\/ladepeche.mr\/index.php?rest_route=\/wp\/v2\/posts\/12443\/revisions"}],"predecessor-version":[{"id":12446,"href":"https:\/\/ladepeche.mr\/index.php?rest_route=\/wp\/v2\/posts\/12443\/revisions\/12446"}],"wp:featuredmedia":[{"embeddable":true,"href":"https:\/\/ladepeche.mr\/index.php?rest_route=\/wp\/v2\/media\/12444"}],"wp:attachment":[{"href":"https:\/\/ladepeche.mr\/index.php?rest_route=%2Fwp%2Fv2%2Fmedia&parent=12443"}],"wp:term":[{"taxonomy":"category","embeddable":true,"href":"https:\/\/ladepeche.mr\/index.php?rest_route=%2Fwp%2Fv2%2Fcategories&post=12443"},{"taxonomy":"post_tag","embeddable":true,"href":"https:\/\/ladepeche.mr\/index.php?rest_route=%2Fwp%2Fv2%2Ftags&post=12443"}],"curies":[{"name":"wp","href":"https:\/\/api.w.org\/{rel}","templated":true}]}}