{"id":12451,"date":"2024-11-09T17:51:49","date_gmt":"2024-11-09T17:51:49","guid":{"rendered":"https:\/\/ladepeche.mr\/?p=12451"},"modified":"2024-11-09T17:57:00","modified_gmt":"2024-11-09T17:57:00","slug":"afrique-le-plaidoyer-de-ghazouani-rapporte-pour-lida","status":"publish","type":"post","link":"https:\/\/ladepeche.mr\/?p=12451","title":{"rendered":"Afrique: Le plaidoyer de Ghazouani rapporte pour l\u2019IDA"},"content":{"rendered":"<p style=\"background: white; margin: 0cm 0cm 12.75pt 0cm;\">Le plaidoyer du pr\u00e9sident mauritanien, Mohamed Ould Ghazouani, par ailleurs pr\u00e9sident en exercice de l\u2019Union Africaine, en faveur de l\u2019IDA a permis de mobiliser encore plus de ressource s\u2019est f\u00e9licit\u00e9 <span style=\"font-family: 'Louguiya Bold',serif; color: black;\">Harold Tavares, l\u2019administrateur du Groupe de la Banque mondiale repr\u00e9sentant les int\u00e9r\u00eats de 23 pays africains.<\/span><\/p>\n<p><span style=\"font-family: 'Louguiya Bold',serif; color: black;\">H. Tavares, en visite de travail en Mauritanie, s\u2019exprimait au sortir d\u2019une audience avec le premier Ministre mauritanien, Mokhtar Ould Diay. Ce sentiment que le pr\u00e9sident mauritanien a boost\u00e9 la mobilisation de ressources est clair, souligne-t-il, \u00e0 travers les r\u00e9actions positives comme le Danemark et l\u2019Espagne qui auraient d\u00e9cid\u00e9 d\u2019augmenter respectivement leurs engagements vis-\u00e0-vis de l\u2019IDA de 40 % \u00e0 60 %. Le responsable de la BM a estim\u00e9 que ces gestes permettraient pour l\u2019IDA d\u2019envisager atteindre une mobilisation de fonds de 200 milliards de dollars US.<\/span><\/p>\n<p><span style=\"font-family: 'Louguiya Bold',serif; color: black;\">H. Tavaraes , administrateur du Groupe de la Banque mondiale repr\u00e9sentant les int\u00e9r\u00eats de 23 pays africains (EDS13 et Africa Group II), y compris la Mauritanie, a encore salu\u00e9 les efforts du gouvernement mauritanien dans ce cadre et rappel\u00e9 s\u2019\u00eatre entretenu avec le premier Ministre du portefeuille de la Banque mondiale en Mauritanie \u00e9valu\u00e9 environ un milliard de dollars am\u00e9ricains ainsi du plaidoyer diplomatique d\u00e9ploy\u00e9 par son organisation en faveur de la Mauritanie.<\/span><\/p>\n<p><span style=\"font-family: 'Louguiya Bold',serif; color: black;\">H. Tavares a enfin dit attendre \u00ab\u00a0la participation de la Mauritanie au sommet du G20 qui se tiendra ce mois-ci \u00e0 Rio de Janeiro, au Br\u00e9sil, pour transmettre la voix africaine et appeler au renforcement de l\u2019Association internationale de d\u00e9veloppement (IDA)\u00a0\u00bb.<\/span><\/p>\n<p>Afrique: Le plaidoyer de Ghazouani rapporte pour l\u2019IDA<\/p>\n<p>Le plaidoyer du pr\u00e9sident mauritanien, Mohamed Ould Ghazouani, par ailleurs pr\u00e9sident en exercice de l\u2019Union Africaine, en faveur de l\u2019IDA a permis de mobiliser encore plus de ressource s\u2019est f\u00e9licit\u00e9 <span style=\"font-family: 'Louguiya Bold',serif; color: black;\">Harold Tavares, l\u2019administrateur du Groupe de la Banque mondiale repr\u00e9sentant les int\u00e9r\u00eats de 23 pays africains.<\/span><\/p>\n<p><span style=\"font-family: 'Louguiya Bold',serif; color: black;\">H. Tavares, en visite de travail en Mauritanie, s\u2019exprimait au sortir d\u2019une audience avec le premier Ministre mauritanien, Mokhtar Ould Diay. Ce sentiment que le pr\u00e9sident mauritanien a boost\u00e9 la mobilisation de ressources est clair, souligne-t-il, \u00e0 travers les r\u00e9actions positives comme le Danemark et l\u2019Espagne qui auraient d\u00e9cid\u00e9 d\u2019augmenter respectivement leurs engagements vis-\u00e0-vis de l\u2019IDA de 40 % \u00e0 60 %. Le responsable de la BM a estim\u00e9 que ces gestes permettraient pour l\u2019IDA d\u2019envisager atteindre une mobilisation de fonds de 200 milliards de dollars US.<\/span><\/p>\n<p><span style=\"font-family: 'Louguiya Bold',serif; color: black;\">H. Tavaraes , administrateur du Groupe de la Banque mondiale repr\u00e9sentant les int\u00e9r\u00eats de 23 pays africains (EDS13 et Africa Group II), y compris la Mauritanie, a encore salu\u00e9 les efforts du gouvernement mauritanien dans ce cadre et rappel\u00e9 s\u2019\u00eatre entretenu avec le premier Ministre du portefeuille de la Banque mondiale en Mauritanie \u00e9valu\u00e9 environ un milliard de dollars am\u00e9ricains ainsi du plaidoyer diplomatique d\u00e9ploy\u00e9 par son organisation en faveur de la Mauritanie.<\/span><\/p>\n<p><span style=\"font-family: 'Louguiya Bold',serif; color: black;\">H. Tavares a enfin dit attendre \u00ab\u00a0la participation de la Mauritanie au sommet du G20 qui se tiendra ce mois-ci \u00e0 Rio de Janeiro, au Br\u00e9sil, pour transmettre la voix africaine et appeler au renforcement de l\u2019Association internationale de d\u00e9veloppement (IDA)\u00a0\u00bb.<\/span><\/p>\n","protected":false},"excerpt":{"rendered":"<p>Le plaidoyer du pr\u00e9sident mauritanien, Mohamed Ould Ghazouani, par ailleurs pr\u00e9sident en exercice de l\u2019Union Africaine, en faveur de l\u2019IDA a permis de mobiliser encore plus de ressource s\u2019est f\u00e9licit\u00e9 Harold Tavares, l\u2019administrateur du Groupe de la Banque mondiale repr\u00e9sentant les int\u00e9r\u00eats de 23 pays africains. H. Tavares, en visite de travail en Mauritanie, s\u2019exprimait &hellip;<\/p>\n","protected":false},"author":2,"featured_media":12452,"comment_status":"open","ping_status":"open","sticky":false,"template":"","format":"standard","meta":{"footnotes":""},"categories":[18,2],"tags":[],"class_list":["post-12451","post","type-post","status-publish","format-standard","has-post-thumbnail","hentry","category-actualites","category-economie"],"_links":{"self":[{"href":"https:\/\/ladepeche.mr\/index.php?rest_route=\/wp\/v2\/posts\/12451","targetHints":{"allow":["GET"]}}],"collection":[{"href":"https:\/\/ladepeche.mr\/index.php?rest_route=\/wp\/v2\/posts"}],"about":[{"href":"https:\/\/ladepeche.mr\/index.php?rest_route=\/wp\/v2\/types\/post"}],"author":[{"embeddable":true,"href":"https:\/\/ladepeche.mr\/index.php?rest_route=\/wp\/v2\/users\/2"}],"replies":[{"embeddable":true,"href":"https:\/\/ladepeche.mr\/index.php?rest_route=%2Fwp%2Fv2%2Fcomments&post=12451"}],"version-history":[{"count":2,"href":"https:\/\/ladepeche.mr\/index.php?rest_route=\/wp\/v2\/posts\/12451\/revisions"}],"predecessor-version":[{"id":12454,"href":"https:\/\/ladepeche.mr\/index.php?rest_route=\/wp\/v2\/posts\/12451\/revisions\/12454"}],"wp:featuredmedia":[{"embeddable":true,"href":"https:\/\/ladepeche.mr\/index.php?rest_route=\/wp\/v2\/media\/12452"}],"wp:attachment":[{"href":"https:\/\/ladepeche.mr\/index.php?rest_route=%2Fwp%2Fv2%2Fmedia&parent=12451"}],"wp:term":[{"taxonomy":"category","embeddable":true,"href":"https:\/\/ladepeche.mr\/index.php?rest_route=%2Fwp%2Fv2%2Fcategories&post=12451"},{"taxonomy":"post_tag","embeddable":true,"href":"https:\/\/ladepeche.mr\/index.php?rest_route=%2Fwp%2Fv2%2Ftags&post=12451"}],"curies":[{"name":"wp","href":"https:\/\/api.w.org\/{rel}","templated":true}]}}