{"id":12455,"date":"2024-11-10T13:20:16","date_gmt":"2024-11-10T13:20:16","guid":{"rendered":"https:\/\/ladepeche.mr\/?p=12455"},"modified":"2024-11-10T13:20:16","modified_gmt":"2024-11-10T13:20:16","slug":"sainte-lucie-reitere-son-soutien-a-lintegrite-territoriale-du-royaume-du-maroc-communique-conjoint","status":"publish","type":"post","link":"https:\/\/ladepeche.mr\/?p=12455","title":{"rendered":"Sainte-Lucie r\u00e9it\u00e8re son soutien \u00e0 l\u2019int\u00e9grit\u00e9 territoriale du Royaume du Maroc (communiqu\u00e9 conjoint)"},"content":{"rendered":"<p>Sainte-Lucie a r\u00e9affirm\u00e9, vendredi \u00e0 Rabat, son \u00ab soutien \u00e0 l&#8217;int\u00e9grit\u00e9 territoriale et \u00e0 la souverainet\u00e9 du Maroc sur l&#8217;ensemble de son territoire, y compris la r\u00e9gion du Sahara \u00bb, et \u00ab r\u00e9it\u00e9r\u00e9 son appui au Plan marocain d&#8217;autonomie comme la seule solution cr\u00e9dible, s\u00e9rieuse et r\u00e9aliste \u00bb pour la r\u00e9solution d\u00e9finitive du diff\u00e9rend r\u00e9gional autour du Sahara marocain.<\/p>\n<p>Cette position a \u00e9t\u00e9 exprim\u00e9e dans le communiqu\u00e9 conjoint sign\u00e9 \u00e0 l\u2019issue des entretiens du ministre des Affaires \u00e9trang\u00e8res, de la Coop\u00e9ration africaine et des Marocains r\u00e9sidant \u00e0 l\u2019\u00e9tranger, M. Nasser Bourita, avec le ministre des Affaires Ext\u00e9rieures, du Commerce International, de l&#8217;Aviation Civile et de la Diaspora de Sainte-Lucie, M. Alva Romanus Baptiste.<\/p>\n<p>Sainte-Lucie s\u2019est, en outre, f\u00e9licit\u00e9e du consensus international croissant et de la dynamique impuls\u00e9e par Sa Majest\u00e9 le Roi Mohammed VI, en faveur du Plan d\u2019Autonomie et de la souverainet\u00e9 du Maroc sur son Sahara, dans lesquels s\u2019inscrit sa position.<\/p>\n<p>Dans ce communiqu\u00e9 conjoint, M. Alva RomanusBaptiste a \u00e9galement salu\u00e9 les efforts des Nations Unies en tant que cadre exclusif pour parvenir \u00e0 une solution r\u00e9aliste, pratique et durable \u00e0 ce diff\u00e9rend r\u00e9gional, indique-t-on dans le communiqu\u00e9 conjoint.<\/p>\n<p>Sainte Lucie, en tant que membre de l&#8217;Organisation des Etats de la Cara\u00efbe Orientale (OECS), s\u2019est enfin f\u00e9licit\u00e9e de l&#8217;ouverture d&#8217;une Ambassade de l&#8217;OECS \u00e0 Rabat (18 octobre 2018) et d&#8217;un Consulat G\u00e9n\u00e9ral \u00e0 Dakhla (31 mars 2022), qui offrent une opportunit\u00e9 significative pour renforcer davantage les \u00e9changes entre le Royaume du Maroc et les six Etats de la Cara\u00efbe Orientale.<\/p>\n<p>(Avec Map)<\/p>\n","protected":false},"excerpt":{"rendered":"<p>Sainte-Lucie a r\u00e9affirm\u00e9, vendredi \u00e0 Rabat, son \u00ab soutien \u00e0 l&#8217;int\u00e9grit\u00e9 territoriale et \u00e0 la souverainet\u00e9 du Maroc sur l&#8217;ensemble de son territoire, y compris la r\u00e9gion du Sahara \u00bb, et \u00ab r\u00e9it\u00e9r\u00e9 son appui au Plan marocain d&#8217;autonomie comme la seule solution cr\u00e9dible, s\u00e9rieuse et r\u00e9aliste \u00bb pour la r\u00e9solution d\u00e9finitive du diff\u00e9rend r\u00e9gional &hellip;<\/p>\n","protected":false},"author":2,"featured_media":12456,"comment_status":"open","ping_status":"open","sticky":false,"template":"","format":"standard","meta":{"footnotes":""},"categories":[18,29],"tags":[],"class_list":["post-12455","post","type-post","status-publish","format-standard","has-post-thumbnail","hentry","category-actualites","category-monde"],"_links":{"self":[{"href":"https:\/\/ladepeche.mr\/index.php?rest_route=\/wp\/v2\/posts\/12455","targetHints":{"allow":["GET"]}}],"collection":[{"href":"https:\/\/ladepeche.mr\/index.php?rest_route=\/wp\/v2\/posts"}],"about":[{"href":"https:\/\/ladepeche.mr\/index.php?rest_route=\/wp\/v2\/types\/post"}],"author":[{"embeddable":true,"href":"https:\/\/ladepeche.mr\/index.php?rest_route=\/wp\/v2\/users\/2"}],"replies":[{"embeddable":true,"href":"https:\/\/ladepeche.mr\/index.php?rest_route=%2Fwp%2Fv2%2Fcomments&post=12455"}],"version-history":[{"count":1,"href":"https:\/\/ladepeche.mr\/index.php?rest_route=\/wp\/v2\/posts\/12455\/revisions"}],"predecessor-version":[{"id":12457,"href":"https:\/\/ladepeche.mr\/index.php?rest_route=\/wp\/v2\/posts\/12455\/revisions\/12457"}],"wp:featuredmedia":[{"embeddable":true,"href":"https:\/\/ladepeche.mr\/index.php?rest_route=\/wp\/v2\/media\/12456"}],"wp:attachment":[{"href":"https:\/\/ladepeche.mr\/index.php?rest_route=%2Fwp%2Fv2%2Fmedia&parent=12455"}],"wp:term":[{"taxonomy":"category","embeddable":true,"href":"https:\/\/ladepeche.mr\/index.php?rest_route=%2Fwp%2Fv2%2Fcategories&post=12455"},{"taxonomy":"post_tag","embeddable":true,"href":"https:\/\/ladepeche.mr\/index.php?rest_route=%2Fwp%2Fv2%2Ftags&post=12455"}],"curies":[{"name":"wp","href":"https:\/\/api.w.org\/{rel}","templated":true}]}}