{"id":12458,"date":"2024-11-10T13:29:08","date_gmt":"2024-11-10T13:29:08","guid":{"rendered":"https:\/\/ladepeche.mr\/?p=12458"},"modified":"2024-11-10T13:29:08","modified_gmt":"2024-11-10T13:29:08","slug":"sante-gaza-le-bilan-du-genocide-israelien-seleve-a-43-603-morts","status":"publish","type":"post","link":"https:\/\/ladepeche.mr\/?p=12458","title":{"rendered":"Sant\u00e9 Gaza : le bilan du g\u00e9nocide isra\u00e9lien s&#8217;\u00e9l\u00e8ve \u00e0 43 603 morts"},"content":{"rendered":"<h4>Selon le minist\u00e8re de la Sant\u00e9, l&#8217;arm\u00e9e isra\u00e9lienne a perp\u00e9tr\u00e9 3 massacres contre des familles dans la Bande de Gaza, dont 51 martyrs et 164 bless\u00e9s ont \u00e9t\u00e9 transf\u00e9r\u00e9s aux h\u00f4pitaux, en 24 heures.<\/h4>\n<p>Le bilan du g\u00e9nocide isra\u00e9lien contre les Palestiniens s&#8217;est alourdi \u00e0 &#8220;43 603 martyrs&#8221;, depuis le 7 octobre 2023, a annonc\u00e9 le minist\u00e8re palestinien de la Sant\u00e9 dans la Bande de Gaza.<\/p>\n<p>Le nouveau chiffre a \u00e9t\u00e9 communiqu\u00e9 par le bulletin quotidien de l&#8217;agression isra\u00e9lienne depuis 401 jours sur la Bande de Gaza, faisant \u00e9galement plus de 100 mille bless\u00e9s.<\/p>\n<p>&#8220;Le bilan de l&#8217;agression isra\u00e9lienne s&#8217;est alourdi \u00e0 43 603 martyrs et 102 929 bless\u00e9s depuis le 7 octobre 2023&#8221;, a indiqu\u00e9 la m\u00eame source.<\/p>\n<p>Le minist\u00e8re a expliqu\u00e9 que &#8220;l&#8217;occupation isra\u00e9lienne a perp\u00e9tr\u00e9 3 massacres contre des familles dans la Bande de Gaza, dont 51 martyrs et 164 bless\u00e9s ont \u00e9t\u00e9 transf\u00e9r\u00e9s aux h\u00f4pitaux, au cours des derni\u00e8res 24 heures&#8221;.<\/p>\n<p>&#8220;D&#8217;autres victimes gisent encore sous les d\u00e9combres et sur la voie publique, les \u00e9quipes de secours et de la D\u00e9fense civile ne pouvant pas les atteindre&#8221;, a poursuivi le minist\u00e8re de la Sant\u00e9.<\/p>\n<p>Outre les morts et les bless\u00e9s, la guerre g\u00e9nocidaire men\u00e9e par l&#8217;arm\u00e9e isra\u00e9lienne sur Gaza, avec un appui am\u00e9ricain, a laiss\u00e9 plus de 10 mille disparus, dans un contexte de destruction massive et d&#8217;une famine meurtri\u00e8re de dizaines d&#8217;enfants et personnes \u00e2g\u00e9es, parmi les pires catastrophes humanitaires au monde.<\/p>\n<p>Isra\u00ebl poursuit son g\u00e9nocide faisant fi de la d\u00e9cision du Conseil de s\u00e9curit\u00e9 d&#8217;y mettre fin imm\u00e9diatement et des ordonnances de la Cour de justice internationale appelant \u00e0 prendre des mesures pr\u00e9ventives emp\u00eachant le g\u00e9nocide et appelant \u00e0 am\u00e9liorer la situation humanitaire catastrophique \u00e0 Gaza.<\/p>\n<p>aa.com.tr<\/p>\n<div class=\"row\"><\/div>\n","protected":false},"excerpt":{"rendered":"<p>Selon le minist\u00e8re de la Sant\u00e9, l&#8217;arm\u00e9e isra\u00e9lienne a perp\u00e9tr\u00e9 3 massacres contre des familles dans la Bande de Gaza, dont 51 martyrs et 164 bless\u00e9s ont \u00e9t\u00e9 transf\u00e9r\u00e9s aux h\u00f4pitaux, en 24 heures. Le bilan du g\u00e9nocide isra\u00e9lien contre les Palestiniens s&#8217;est alourdi \u00e0 &#8220;43 603 martyrs&#8221;, depuis le 7 octobre 2023, a annonc\u00e9 &hellip;<\/p>\n","protected":false},"author":2,"featured_media":12459,"comment_status":"open","ping_status":"open","sticky":false,"template":"","format":"standard","meta":{"footnotes":""},"categories":[18,29],"tags":[],"class_list":["post-12458","post","type-post","status-publish","format-standard","has-post-thumbnail","hentry","category-actualites","category-monde"],"_links":{"self":[{"href":"https:\/\/ladepeche.mr\/index.php?rest_route=\/wp\/v2\/posts\/12458","targetHints":{"allow":["GET"]}}],"collection":[{"href":"https:\/\/ladepeche.mr\/index.php?rest_route=\/wp\/v2\/posts"}],"about":[{"href":"https:\/\/ladepeche.mr\/index.php?rest_route=\/wp\/v2\/types\/post"}],"author":[{"embeddable":true,"href":"https:\/\/ladepeche.mr\/index.php?rest_route=\/wp\/v2\/users\/2"}],"replies":[{"embeddable":true,"href":"https:\/\/ladepeche.mr\/index.php?rest_route=%2Fwp%2Fv2%2Fcomments&post=12458"}],"version-history":[{"count":1,"href":"https:\/\/ladepeche.mr\/index.php?rest_route=\/wp\/v2\/posts\/12458\/revisions"}],"predecessor-version":[{"id":12460,"href":"https:\/\/ladepeche.mr\/index.php?rest_route=\/wp\/v2\/posts\/12458\/revisions\/12460"}],"wp:featuredmedia":[{"embeddable":true,"href":"https:\/\/ladepeche.mr\/index.php?rest_route=\/wp\/v2\/media\/12459"}],"wp:attachment":[{"href":"https:\/\/ladepeche.mr\/index.php?rest_route=%2Fwp%2Fv2%2Fmedia&parent=12458"}],"wp:term":[{"taxonomy":"category","embeddable":true,"href":"https:\/\/ladepeche.mr\/index.php?rest_route=%2Fwp%2Fv2%2Fcategories&post=12458"},{"taxonomy":"post_tag","embeddable":true,"href":"https:\/\/ladepeche.mr\/index.php?rest_route=%2Fwp%2Fv2%2Ftags&post=12458"}],"curies":[{"name":"wp","href":"https:\/\/api.w.org\/{rel}","templated":true}]}}