{"id":1246,"date":"2022-07-26T09:51:29","date_gmt":"2022-07-26T09:51:29","guid":{"rendered":"https:\/\/ladepeche.mr\/?p=1246"},"modified":"2022-07-26T14:06:30","modified_gmt":"2022-07-26T14:06:30","slug":"bilan-mi-parcours-de-maroc-telecom-mauritel-mobile-fait-bonne-figure","status":"publish","type":"post","link":"https:\/\/ladepeche.mr\/?p=1246","title":{"rendered":"Bilan \u00e0 mi-parcours de Maroc T\u00e9l\u00e9com: Mauritel Mobile fait bonne figure"},"content":{"rendered":"<p>Avec 2.726.000 clients pour le mobile et 57.000 clients pour le fixe, la filiale mauritanienne &#8220;Mauritel Mobile&#8221; fait partie du parc du groupe Maroc-T\u00e9l\u00e9com qui en booste la client\u00e8le.<\/p>\n<p>Le constat est de dress\u00e9 par la soci\u00e9t\u00e9 dans son dernier bilan, en juin 2022, qui fait mention de 75 millions de clients pour l&#8217;entreprise \u00e0 travers les pays africains notamment o\u00f9 l&#8217;entreprise s&#8217;est install\u00e9e, enregistrant une croissance de 1.9% par rapport \u00e0 l&#8217;ann\u00e9e derni\u00e8re (m\u00eame p\u00e9riode).<\/p>\n<p>Selon ledit bilan, le mobile &#8220;Maroc-T\u00e9l\u00e9com&#8221; aurait enregistr\u00e9 51.101.000 clients (Burkina Faso, 10.870.000), (la C\u00f4te d\u2019Ivoire, 10.247.000), (Mali, 9.157.000), (Tchad, 5.394.000), (B\u00e9nin, 5.367.000), (Niger, 2.975.000), (Mauritanie, 2.726.000), (Togo, 2.666.000), (Gabon, 1.484.000), (Centrafrique (215.000). Pour sa part, le parc fixe enregistrerait 358.000 abonn\u00e9s: Mali (189.000), le Burkina Faso (76.000), la Mauritanie (57.000) et le Gabon (36.000).<br \/>\nEnfin, le parc Haut d\u00e9bit fixe aurait enregistr\u00e9 150.000 clients.<br \/>\nNotons cependant pour la Mauritanie malgr\u00e9, la filiale de l&#8217;entreprise est souvent \u00e9pingl\u00e9e par l&#8217;Autorit\u00e9 de R\u00e9gulation-comme les autres soci\u00e9t\u00e9s du cellulaire- pour la d\u00e9faillance et la qualit\u00e9 de ses services et qu&#8217;un malaise social frappe ses employ\u00e9s.<br \/>\nLa filiale &#8220;Mauritel&#8221;, d\u00e9tenue \u00e0 51% par &#8220;Maroc-T\u00e9l\u00e9com&#8221; faut-il le rappeler, est l&#8217;op\u00e9rateur historique de t\u00e9l\u00e9communications en Mauritanie. Elle est n\u00e9e de la scission en 1999 de l\u2019Office des Postes et T\u00e9l\u00e9communications.<\/p>\n","protected":false},"excerpt":{"rendered":"<p>Avec 2.726.000 clients pour le mobile et 57.000 clients pour le fixe, la filiale mauritanienne &#8220;Mauritel Mobile&#8221; fait partie du parc du groupe Maroc-T\u00e9l\u00e9com qui en booste la client\u00e8le. Le constat est de dress\u00e9 par la soci\u00e9t\u00e9 dans son dernier bilan, en juin 2022, qui fait mention de 75 millions de clients pour l&#8217;entreprise \u00e0 &hellip;<\/p>\n","protected":false},"author":2,"featured_media":1247,"comment_status":"open","ping_status":"open","sticky":false,"template":"","format":"standard","meta":{"footnotes":""},"categories":[18,2],"tags":[],"class_list":["post-1246","post","type-post","status-publish","format-standard","has-post-thumbnail","hentry","category-actualites","category-economie"],"_links":{"self":[{"href":"https:\/\/ladepeche.mr\/index.php?rest_route=\/wp\/v2\/posts\/1246","targetHints":{"allow":["GET"]}}],"collection":[{"href":"https:\/\/ladepeche.mr\/index.php?rest_route=\/wp\/v2\/posts"}],"about":[{"href":"https:\/\/ladepeche.mr\/index.php?rest_route=\/wp\/v2\/types\/post"}],"author":[{"embeddable":true,"href":"https:\/\/ladepeche.mr\/index.php?rest_route=\/wp\/v2\/users\/2"}],"replies":[{"embeddable":true,"href":"https:\/\/ladepeche.mr\/index.php?rest_route=%2Fwp%2Fv2%2Fcomments&post=1246"}],"version-history":[{"count":3,"href":"https:\/\/ladepeche.mr\/index.php?rest_route=\/wp\/v2\/posts\/1246\/revisions"}],"predecessor-version":[{"id":1266,"href":"https:\/\/ladepeche.mr\/index.php?rest_route=\/wp\/v2\/posts\/1246\/revisions\/1266"}],"wp:featuredmedia":[{"embeddable":true,"href":"https:\/\/ladepeche.mr\/index.php?rest_route=\/wp\/v2\/media\/1247"}],"wp:attachment":[{"href":"https:\/\/ladepeche.mr\/index.php?rest_route=%2Fwp%2Fv2%2Fmedia&parent=1246"}],"wp:term":[{"taxonomy":"category","embeddable":true,"href":"https:\/\/ladepeche.mr\/index.php?rest_route=%2Fwp%2Fv2%2Fcategories&post=1246"},{"taxonomy":"post_tag","embeddable":true,"href":"https:\/\/ladepeche.mr\/index.php?rest_route=%2Fwp%2Fv2%2Ftags&post=1246"}],"curies":[{"name":"wp","href":"https:\/\/api.w.org\/{rel}","templated":true}]}}