{"id":12461,"date":"2024-11-10T13:42:20","date_gmt":"2024-11-10T13:42:20","guid":{"rendered":"https:\/\/ladepeche.mr\/?p=12461"},"modified":"2024-11-10T13:42:20","modified_gmt":"2024-11-10T13:42:20","slug":"la-ligue-arabe-appelle-a-une-force-de-lonu-dans-les-territoires-palestiniens-occupes","status":"publish","type":"post","link":"https:\/\/ladepeche.mr\/?p=12461","title":{"rendered":"La Ligue arabe appelle \u00e0 une force de l&#8217;ONU dans les &#8220;territoires palestiniens occup\u00e9s&#8221;"},"content":{"rendered":"<div class=\"t-content__above-sidebar\">\n<p class=\"t-content__chapo\">R\u00e9uni en sommet \u00e0 Manama, \u00e0 Bahre\u00efn, la Ligue arabe a appel\u00e9 jeudi au d\u00e9ploiement de &#8220;forces internationales de protection et de maintien de la paix de l&#8217;ONU dans les territoires palestiniens occup\u00e9s&#8221; par Isra\u00ebl jusqu&#8217;\u00e0 la mise en place d&#8217;un \u00c9tat palestinien. Un appel qui co\u00efncide avec l&#8217;annonce par Isra\u00ebl de son intention d'&#8221;intensifier&#8221; ses op\u00e9rations au sol \u00e0 Rafah, dans le sud de la bande de Gaza.<\/p>\n<\/div>\n<div class=\"t-content__with-sidebar\">\n<div class=\"t-content__beside-sidebar\" data-article-content=\"\">\n<div class=\"t-content__metadata\">\n<div class=\"t-content__dates\">\n<p>Sans surprise, la\u00a0<a href=\"https:\/\/www.france24.com\/fr\/tag\/guerre-isra%C3%ABl-hamas\/\" target=\"_self\" rel=\"noopener\">guerre \u00e0 Gaza<\/a>\u00a0a domin\u00e9, jeudi 16\u00a0mai, l&#8217;agenda du sommet des dirigeants de la\u00a0<a class=\"gtm-add-suggested-tag\" href=\"https:\/\/www.france24.com\/fr\/tag\/ligue-arabe\/\" target=\"_self\" rel=\"noopener\">Ligue arabe<\/a>, organis\u00e9 \u00e0\u00a0<a class=\"gtm-add-suggested-tag\" href=\"https:\/\/www.france24.com\/fr\/tag\/bahre%C3%AFn\/\" target=\"_self\" rel=\"noopener\">Bahre\u00efn<\/a>. Les dirigeants arabes ont profit\u00e9 de ce rendez-vous, leur premier depuis leur sommet organis\u00e9 en novembre en Arabie saoudite, quelques semaines apr\u00e8s le d\u00e9but de la guerre le 7\u00a0octobre, pour appeler \u00e0 un cessez-le-feu &#8220;imm\u00e9diat&#8221;\u00a0<a href=\"https:\/\/www.france24.com\/fr\/tag\/gaza\/\" target=\"_self\" rel=\"noopener\">\u00e0 Gaza<\/a>\u00a0et \u00e0 la fin &#8220;des d\u00e9placements forc\u00e9s&#8221;.<\/p>\n<p>Ils ont surtout demand\u00e9 dans leur communiqu\u00e9 final le d\u00e9ploiement de &#8220;forces internationales de protection et de maintien de la paix de l&#8217;ONU dans les territoires palestiniens occup\u00e9s&#8221; jusqu&#8217;\u00e0 la mise en \u0153uvre de la solution de deux \u00c9tats, isra\u00e9lien et palestinien, pour r\u00e9gler le conflit.<\/p>\n<p>Alarm\u00e9s par la poursuite de la guerre entre le mouvement islamiste palestinien\u00a0<a class=\"gtm-add-suggested-tag\" href=\"https:\/\/www.france24.com\/fr\/tag\/hamas\/\" target=\"_self\" rel=\"noopener\">Hamas<\/a>\u00a0et\u00a0<a class=\"gtm-add-suggested-tag\" href=\"https:\/\/www.france24.com\/fr\/tag\/isra%C3%ABl\/\" target=\"_self\" rel=\"noopener\">Isra\u00ebl<\/a>\u00a0dans la bande de Gaza, ils ont \u00e9galement ent\u00e9rin\u00e9 un appel \u00e0 &#8220;une conf\u00e9rence internationale sous l&#8217;\u00e9gide de l&#8217;ONU&#8221; pour r\u00e9gler le conflit &#8220;sur la base de la solution \u00e0 deux \u00c9tats&#8221;.<\/p>\n<p>Selon leur appel dans un communiqu\u00e9 final le d\u00e9ploiement de &#8220;forces internationales de protection et de maintien de la paix de l&#8217;ONU dans les territoires palestiniens occup\u00e9s&#8221; jusqu&#8217;\u00e0 la mise en \u0153uvre de la solution de deux Etats, isra\u00e9lien et palestinien, pour r\u00e9gler le conflit.<\/p>\n<p>Un tel d\u00e9ploiement n\u00e9cessite un consensus international et l&#8217;acceptation d&#8217;Isra\u00ebl, ce qui risque, selon les sp\u00e9cialistes, d&#8217;\u00eatre tr\u00e8s difficile voire impossible.<\/p>\n<p>Le Premier ministre isra\u00e9lien\u00a0<a class=\"gtm-add-suggested-tag\" href=\"https:\/\/www.france24.com\/fr\/tag\/benjamin-netanyahu\/\" target=\"_self\" rel=\"noopener\">Benjamin Netanyahu<\/a>\u00a0est un opposant historique \u00e0 la cr\u00e9ation d&#8217;un \u00c9tat palestinien, que l&#8217;administration am\u00e9ricaine et les \u00c9tats membres de l&#8217;Union europ\u00e9enne consid\u00e8rent comme la seule solution \u00e0 long terme du conflit.<\/p>\n<p>Lors de la guerre isra\u00e9lo-arabe en 1967, Isra\u00ebl s&#8217;est empar\u00e9 de la Cisjordanie, de la partie orientale de J\u00e9rusalem et de Gaza. Les gouvernements isra\u00e9liens successifs ont encourag\u00e9 l&#8217;installation de colonies juives dans ces territoires palestiniens occup\u00e9s.<\/p>\n<p>Au regard du droit international, les territoires palestiniens sont toujours consid\u00e9r\u00e9s comme occup\u00e9s et les colonies isra\u00e9liennes jug\u00e9es ill\u00e9gales. Isra\u00ebl s&#8217;\u00e9tait retir\u00e9 unilat\u00e9ralement de Gaza en 2005, mais y a envoy\u00e9 ses troupes apr\u00e8s l&#8217;attaque du Hamas contre le territoire isra\u00e9lien le 7\u00a0octobre, qui a d\u00e9clench\u00e9 la derni\u00e8re guerre.<\/p>\n<p>Dans leur communiqu\u00e9, les dirigeants arabes ont r\u00e9it\u00e9r\u00e9 leur condamnation de l&#8217;offensive d&#8217;envergure isra\u00e9lienne dans la bande de Gaza d\u00e9vast\u00e9e et assi\u00e9g\u00e9e, exig\u00e9 un acc\u00e8s &#8220;sans restrictions&#8221; de la population palestinienne \u00e0 l&#8217;aide humanitaire et appel\u00e9 \u00e0 un arr\u00eat des hostilit\u00e9s.<\/p>\n<p>Leur rencontre a co\u00efncid\u00e9 avec l&#8217;annonce par Isra\u00ebl de son intention d'&#8221;intensifier&#8221; ses op\u00e9rations au sol \u00e0 Rafah, dans le sud de la bande de Gaza, malgr\u00e9 les mises en gardes internationales contre une offensive d&#8217;ampleur dans cette ville surpeupl\u00e9e.<\/p>\n<p>Lire la suite sur https:\/\/www.france24.com\/fr\/info-en-continu\/20240516-les-dirigeants-arabes-%C3%A0-bahre%C3%AFn-pour-un-sommet-domin%C3%A9-par-la-guerre-%C3%A0-gaza<\/p>\n<\/div>\n<\/div>\n<\/div>\n<\/div>\n","protected":false},"excerpt":{"rendered":"<p>R\u00e9uni en sommet \u00e0 Manama, \u00e0 Bahre\u00efn, la Ligue arabe a appel\u00e9 jeudi au d\u00e9ploiement de &#8220;forces internationales de protection et de maintien de la paix de l&#8217;ONU dans les territoires palestiniens occup\u00e9s&#8221; par Isra\u00ebl jusqu&#8217;\u00e0 la mise en place d&#8217;un \u00c9tat palestinien. Un appel qui co\u00efncide avec l&#8217;annonce par Isra\u00ebl de son intention d&#8217;&#8221;intensifier&#8221; &hellip;<\/p>\n","protected":false},"author":2,"featured_media":12462,"comment_status":"open","ping_status":"open","sticky":false,"template":"","format":"standard","meta":{"footnotes":""},"categories":[18,29],"tags":[],"class_list":["post-12461","post","type-post","status-publish","format-standard","has-post-thumbnail","hentry","category-actualites","category-monde"],"_links":{"self":[{"href":"https:\/\/ladepeche.mr\/index.php?rest_route=\/wp\/v2\/posts\/12461","targetHints":{"allow":["GET"]}}],"collection":[{"href":"https:\/\/ladepeche.mr\/index.php?rest_route=\/wp\/v2\/posts"}],"about":[{"href":"https:\/\/ladepeche.mr\/index.php?rest_route=\/wp\/v2\/types\/post"}],"author":[{"embeddable":true,"href":"https:\/\/ladepeche.mr\/index.php?rest_route=\/wp\/v2\/users\/2"}],"replies":[{"embeddable":true,"href":"https:\/\/ladepeche.mr\/index.php?rest_route=%2Fwp%2Fv2%2Fcomments&post=12461"}],"version-history":[{"count":1,"href":"https:\/\/ladepeche.mr\/index.php?rest_route=\/wp\/v2\/posts\/12461\/revisions"}],"predecessor-version":[{"id":12463,"href":"https:\/\/ladepeche.mr\/index.php?rest_route=\/wp\/v2\/posts\/12461\/revisions\/12463"}],"wp:featuredmedia":[{"embeddable":true,"href":"https:\/\/ladepeche.mr\/index.php?rest_route=\/wp\/v2\/media\/12462"}],"wp:attachment":[{"href":"https:\/\/ladepeche.mr\/index.php?rest_route=%2Fwp%2Fv2%2Fmedia&parent=12461"}],"wp:term":[{"taxonomy":"category","embeddable":true,"href":"https:\/\/ladepeche.mr\/index.php?rest_route=%2Fwp%2Fv2%2Fcategories&post=12461"},{"taxonomy":"post_tag","embeddable":true,"href":"https:\/\/ladepeche.mr\/index.php?rest_route=%2Fwp%2Fv2%2Ftags&post=12461"}],"curies":[{"name":"wp","href":"https:\/\/api.w.org\/{rel}","templated":true}]}}