{"id":12476,"date":"2024-11-12T20:30:12","date_gmt":"2024-11-12T20:30:12","guid":{"rendered":"https:\/\/ladepeche.mr\/?p=12476"},"modified":"2024-11-12T20:30:12","modified_gmt":"2024-11-12T20:30:12","slug":"le-ministre-de-leconomie-et-des-finances-sentretient-avec-une-mission-de-la-banque-mondiale","status":"publish","type":"post","link":"https:\/\/ladepeche.mr\/?p=12476","title":{"rendered":"Le ministre de l\u2019\u00c9conomie et des Finances s\u2019entretient avec une mission de la Banque mondiale"},"content":{"rendered":"<p>Son Excellence le ministre de l\u2019\u00c9conomie et des Finances, M. Sid&#8217; Ahmed Ould Bouh, a re\u00e7u en audience, lundi matin en son bureau, les membres d\u2019une mission de la Banque mondiale, en visite en Mauritanie du 4 au 15 novembre conduite par M. Hans Anand Beck, directeur sectoriel macro\u00e9conomie, commerce et investissement en Afrique de l&#8217;Ouest \u00e0 la Banque mondiale.<\/p>\n<p>La r\u00e9union a port\u00e9 sur les r\u00e9formes qui pourraient \u00eatre appuy\u00e9es par la Banque mondiale dans le cadre d&#8217;une nouvelle s\u00e9rie d&#8217;op\u00e9rations d&#8217;appuis budg\u00e9taires en faveur de notre pays, que la pr\u00e9sente mission se pr\u00e9pare \u00e0 mener en concertation avec les autorit\u00e9s, en fonction des priorit\u00e9s et des besoins nationaux.<\/p>\n<p>Ont pris part \u00e0 la rencontre aux c\u00f4t\u00e9s du ministre, plusieurs cadres du minist\u00e8re, parmi lesquels M. Cheikhna Ould Beddad, directeur g\u00e9n\u00e9ral des politiques et strat\u00e9gies de d\u00e9veloppement, et M. Mohamed Salem Ould Nani, directeur g\u00e9n\u00e9ral des financements et de la coop\u00e9ration \u00e9conomique, ainsi que M. Ibou Diouf, repr\u00e9sentant r\u00e9sident de la Banque mondiale \u00e0 Nouakchott.<\/p>\n<p>Source MEF<\/p>\n","protected":false},"excerpt":{"rendered":"<p>Son Excellence le ministre de l\u2019\u00c9conomie et des Finances, M. Sid&#8217; Ahmed Ould Bouh, a re\u00e7u en audience, lundi matin en son bureau, les membres d\u2019une mission de la Banque mondiale, en visite en Mauritanie du 4 au 15 novembre conduite par M. Hans Anand Beck, directeur sectoriel macro\u00e9conomie, commerce et investissement en Afrique de &hellip;<\/p>\n","protected":false},"author":2,"featured_media":12477,"comment_status":"open","ping_status":"open","sticky":false,"template":"","format":"standard","meta":{"footnotes":""},"categories":[18,2],"tags":[],"class_list":["post-12476","post","type-post","status-publish","format-standard","has-post-thumbnail","hentry","category-actualites","category-economie"],"_links":{"self":[{"href":"https:\/\/ladepeche.mr\/index.php?rest_route=\/wp\/v2\/posts\/12476","targetHints":{"allow":["GET"]}}],"collection":[{"href":"https:\/\/ladepeche.mr\/index.php?rest_route=\/wp\/v2\/posts"}],"about":[{"href":"https:\/\/ladepeche.mr\/index.php?rest_route=\/wp\/v2\/types\/post"}],"author":[{"embeddable":true,"href":"https:\/\/ladepeche.mr\/index.php?rest_route=\/wp\/v2\/users\/2"}],"replies":[{"embeddable":true,"href":"https:\/\/ladepeche.mr\/index.php?rest_route=%2Fwp%2Fv2%2Fcomments&post=12476"}],"version-history":[{"count":1,"href":"https:\/\/ladepeche.mr\/index.php?rest_route=\/wp\/v2\/posts\/12476\/revisions"}],"predecessor-version":[{"id":12478,"href":"https:\/\/ladepeche.mr\/index.php?rest_route=\/wp\/v2\/posts\/12476\/revisions\/12478"}],"wp:featuredmedia":[{"embeddable":true,"href":"https:\/\/ladepeche.mr\/index.php?rest_route=\/wp\/v2\/media\/12477"}],"wp:attachment":[{"href":"https:\/\/ladepeche.mr\/index.php?rest_route=%2Fwp%2Fv2%2Fmedia&parent=12476"}],"wp:term":[{"taxonomy":"category","embeddable":true,"href":"https:\/\/ladepeche.mr\/index.php?rest_route=%2Fwp%2Fv2%2Fcategories&post=12476"},{"taxonomy":"post_tag","embeddable":true,"href":"https:\/\/ladepeche.mr\/index.php?rest_route=%2Fwp%2Fv2%2Ftags&post=12476"}],"curies":[{"name":"wp","href":"https:\/\/api.w.org\/{rel}","templated":true}]}}