{"id":12501,"date":"2024-11-13T20:20:57","date_gmt":"2024-11-13T20:20:57","guid":{"rendered":"https:\/\/ladepeche.mr\/?p=12501"},"modified":"2024-11-13T20:20:57","modified_gmt":"2024-11-13T20:20:57","slug":"france-prison-ferme-requise-contre-la-cheffe-de-lextreme-droite-marine-le-pen","status":"publish","type":"post","link":"https:\/\/ladepeche.mr\/?p=12501","title":{"rendered":"France: prison ferme requise contre la cheffe de l\u2019extr\u00eame droite Marine Le Pen"},"content":{"rendered":"<div class=\"modal-header add-more-font-size-dep\">\n<p><strong>Le parquet fran\u00e7ais a requis mercredi cinq ans de prison, dont deux ans ferme am\u00e9nageables, et une peine d\u2019in\u00e9ligibilit\u00e9 de cinq ans \u00e0 l\u2019encontre de la cheffe de l\u2019extr\u00eame droite Marine Le Pen, dans l\u2019affaire des emplois fictifs des assistants parlementaires de son parti, mena\u00e7ant ses ambitions pr\u00e9sidentielles pour 2027.<\/strong><\/p>\n<\/div>\n<div class=\"modal-body fixContentHeightDepeche\">\n<div class=\"sectionDepeche\">\n<p class=\"justifyText add-more-font-size-dep\" dir=\"ltr\">\u00ab\u00a0Nous sommes ici dans une enceinte judiciaire et le droit s\u2019applique \u00e0 tous\u00a0\u00bb, a insist\u00e9 le procureur Nicolas Barret, demandant que cette peine s\u2019applique d\u00e8s la condamnation, y compris si la triple candidate \u00e0 la pr\u00e9sidentielle fait appel, estimant de pas \u00eatre comptable de ses \u00ab\u00a0ambitions\u00a0\u00bb politiques.<\/p>\n<p>Une telle peine \u00ab viendrait interdire aux pr\u00e9venus de se pr\u00e9senter \u00e0 des futures \u00e9lections locales ou nationales \u00bb, a pr\u00e9cis\u00e9 le procureur devant Mme Le Pen, assise au premier rang des 24 autres pr\u00e9venus \u2013 cadres du parti, ex-eurod\u00e9put\u00e9s et anciens assistants parlementaires.<\/p>\n<p>\u00ab\u00a0Je pense que la volont\u00e9 du parquet est de priver les Fran\u00e7ais de la capacit\u00e9 de voter pour ceux qu\u2019ils souhaitent\u00a0\u00bb et de \u00ab\u00a0ruiner le parti\u00a0\u00bb, a r\u00e9agi devant les journalistes Mme Le Pen \u00e0 sa sortie d\u2019audience, alors qu\u2019une amende de 300.000 euros a \u00e9t\u00e9 requise \u00e0 son encontre.<\/p>\n<p>L\u2019accusation a d\u00e9peint mercredi dans son r\u00e9quisitoire un \u00ab\u00a0syst\u00e8me organis\u00e9\u00a0\u00bb de d\u00e9tournement de fonds publics au pr\u00e9judice du Parlement europ\u00e9en, avec des \u00ab\u00a0contrats artificiels\u00a0\u00bb d\u2019assistants parlementaires afin de \u00ab\u00a0faire \u00e9conomiser\u00a0\u00bb de l\u2019argent au parti.<\/p>\n<p>\u00ab\u00a0Nous ne sommes pas ici aujourd\u2019hui en raison d\u2019un acharnement\u00a0\u00bb, ni \u00e0 cause d\u2019une d\u00e9nonciation \u00ab\u00a0du Parlement europ\u00e9en\u00a0\u00bb, mais au terme \u00ab\u00a0d\u2019une longue information judiciaire\u00a0\u00bb, avait d\u00e9clar\u00e9 d\u2019embl\u00e9e en d\u00e9but de r\u00e9quisitoire l\u2019une des deux repr\u00e9sentantes de l\u2019accusation, Louise Neyton.<\/p>\n<p>\u00ab\u00a0Vous prendrez votre d\u00e9cision au vu des pi\u00e8ces du dossier\u00a0\u00bb, et apr\u00e8s \u00ab\u00a0six semaines d\u2019audience\u00a0\u00bb et des \u00ab\u00a0d\u00e9bats particuli\u00e8rement fournis\u00a0\u00bb, avait poursuivi la magistrate dans une salle d\u2019audience pleine.<\/p>\n<p>Tour \u00e0 tour, au fil de leurs r\u00e9quisitions, les deux procureurs ont d\u00e9taill\u00e9 mercredi l\u2019architecture d\u2019un \u00ab\u00a0syst\u00e8me\u00a0\u00bb qui a selon eux \u00e9t\u00e9 mis en place au Front national (devenu Rassemblement national, RN) entre 2004 et 2016, consistant \u00e0 embaucher des assistants parlementaires europ\u00e9ens \u00ab\u00a0fictifs\u00a0\u00bb qui travaillaient en r\u00e9alit\u00e9 pour le parti.<\/p>\n<p>A l\u2019\u00e9poque, \u00ab\u00a0le parti est dans une situation financi\u00e8re particuli\u00e8rement tendue. Tout ce qui peut contribuer \u00e0 l\u2019all\u00e8gement des charges va \u00eatre utilis\u00e9 de mani\u00e8re syst\u00e9matique\u00a0\u00bb, que ce soit \u00ab\u00a0l\u00e9gal ou pas\u00a0\u00bb, a affirm\u00e9 Louise Neyton, alors que Marine Le Pen fait des \u00ab\u00a0non\u00a0\u00bb vigoureux de la t\u00eate.<\/p>\n<p>Le Parlement europ\u00e9en ne fait que des \u00ab\u00a0contr\u00f4les comptables\u00a0\u00bb, pour le reste il fait \u00ab\u00a0confiance\u00a0\u00bb aux eurod\u00e9put\u00e9s quant \u00e0 l\u2019utilisation de leur dotation mensuelle de 21.000 euros: \u00ab\u00a0Alors, c\u2019est trop tentant, ces enveloppes vont appara\u00eetre comme une aubaine et \u00eatre utilis\u00e9es comme telles\u00a0\u00bb, a insist\u00e9 la magistrate.<\/p>\n<p>Et ce \u00ab\u00a0syst\u00e8me\u00a0\u00bb, dit l\u2019accusation, va \u00ab\u00a0se renforcer\u00a0\u00bb avec l\u2019arriv\u00e9e, en 2011, de Marine Le Pen \u00e0 la t\u00eate du parti, avec un salari\u00e9 charg\u00e9 de la gestion des contrats europ\u00e9ens, qui rend compte \u00ab\u00a0seulement\u00a0\u00bb \u00e0 la pr\u00e9sidente, la \u00ab\u00a0donneuse d\u2019ordres\u00a0\u00bb.<\/p>\n<p>En 2014, apr\u00e8s l\u2019\u00e9lection d\u2019une vingtaine d\u2019eurod\u00e9put\u00e9s FN, le tr\u00e9sorier du parti, Wallerand de Saint-Just, \u00e9crit: \u00ab\u00a0Nous ne nous en sortirons que si nous faisons des \u00e9conomies importantes gr\u00e2ce au Parlement europ\u00e9en\u00a0\u00bb, a rappel\u00e9 la procureure.<\/p>\n<p>Et d\u2019\u00e9voquer les mails \u2013 \u00ab\u00a0pas tous, il y en a trop\u00a0\u00bb \u2013 parlant de \u00ab\u00a0montages financiers\u00a0\u00bb, de \u00ab\u00a0transferts\u00a0\u00bb de tel assistant \u00ab\u00a0sur\u00a0\u00bb tel d\u00e9put\u00e9 en fonction de la disponibilit\u00e9 des enveloppes. L\u2019un ou l\u2019autre, \u00ab\u00a0tu peux choisir\u00a0\u00bb, est-il \u00e9crit dans un message.<\/p>\n<p>Face \u00e0 \u00ab\u00a0la fiction alternative\u00a0\u00bb propos\u00e9e en d\u00e9fense, les procureurs se plongent ensuite longuement dans le d\u00e9tail du dossier. Pr\u00e9venu par pr\u00e9venu et contrat par contrat, ils d\u00e9cortiquent pour chacun \u00ab\u00a0la nature du travail\u00a0\u00bb effectu\u00e9 par les 12 assistants parlementaires, le \u00ab\u00a0lien de subordination\u00a0\u00bb qu\u2019ils entretiennent avec \u00ab\u00a0leur d\u00e9put\u00e9\u00a0\u00bb europ\u00e9en \u2013 neuf dont Marine Le Pen sont jug\u00e9s au total, pour d\u00e9tournement de fonds publics.<\/p>\n<p>Avec un constat g\u00e9n\u00e9ral. En justificatif de travail, \u00ab\u00a0il n\u2019y a rien\u00a0\u00bb, sauf \u00ab\u00a0la fameuse preuve standard: la revue de presse\u00a0\u00bb. Les contrats de travail ? \u00ab\u00a0Artificiels\u00a0\u00bb, sans \u00ab\u00a0coh\u00e9rence\u00a0\u00bb \u2013 \u00ab\u00a0on est tr\u00e8s contents de quelqu\u2019un mais on s\u2019en s\u00e9pare, puis on le reprend\u00a0\u00bb, commente Nicolas Barret.<\/p>\n<p>Des \u00ab\u00a0d\u00e9clarations \u00e0 g\u00e9om\u00e9trie variable\u00a0\u00bb, voire du \u00ab\u00a0n\u2019importe quoi\u00a0\u00bb, r\u00e9sume Louise Neyton.<\/p>\n<p>Le Parlement europ\u00e9en a \u00e9valu\u00e9 son pr\u00e9judice financier \u00e0 4,5 millions d\u2019euros, mais n\u2019en r\u00e9clame que 3,4 (une partie ayant \u00e9t\u00e9 rembours\u00e9e). https:\/\/www.h24info.ma\/france-cinq-ans-de-prison-dont-deux-ferme-amenageables-requis-contre-marine-le-pen\/?utm_source=wonderpush&amp;utm_medium=notificationpush<\/p>\n<\/div>\n<\/div>\n<div class=\"rp4wp-related-posts\"><\/div>\n","protected":false},"excerpt":{"rendered":"<p>Le parquet fran\u00e7ais a requis mercredi cinq ans de prison, dont deux ans ferme am\u00e9nageables, et une peine d\u2019in\u00e9ligibilit\u00e9 de cinq ans \u00e0 l\u2019encontre de la cheffe de l\u2019extr\u00eame droite Marine Le Pen, dans l\u2019affaire des emplois fictifs des assistants parlementaires de son parti, mena\u00e7ant ses ambitions pr\u00e9sidentielles pour 2027. \u00ab\u00a0Nous sommes ici dans une &hellip;<\/p>\n","protected":false},"author":2,"featured_media":12502,"comment_status":"open","ping_status":"open","sticky":false,"template":"","format":"standard","meta":{"footnotes":""},"categories":[18,29],"tags":[],"class_list":["post-12501","post","type-post","status-publish","format-standard","has-post-thumbnail","hentry","category-actualites","category-monde"],"_links":{"self":[{"href":"https:\/\/ladepeche.mr\/index.php?rest_route=\/wp\/v2\/posts\/12501","targetHints":{"allow":["GET"]}}],"collection":[{"href":"https:\/\/ladepeche.mr\/index.php?rest_route=\/wp\/v2\/posts"}],"about":[{"href":"https:\/\/ladepeche.mr\/index.php?rest_route=\/wp\/v2\/types\/post"}],"author":[{"embeddable":true,"href":"https:\/\/ladepeche.mr\/index.php?rest_route=\/wp\/v2\/users\/2"}],"replies":[{"embeddable":true,"href":"https:\/\/ladepeche.mr\/index.php?rest_route=%2Fwp%2Fv2%2Fcomments&post=12501"}],"version-history":[{"count":1,"href":"https:\/\/ladepeche.mr\/index.php?rest_route=\/wp\/v2\/posts\/12501\/revisions"}],"predecessor-version":[{"id":12503,"href":"https:\/\/ladepeche.mr\/index.php?rest_route=\/wp\/v2\/posts\/12501\/revisions\/12503"}],"wp:featuredmedia":[{"embeddable":true,"href":"https:\/\/ladepeche.mr\/index.php?rest_route=\/wp\/v2\/media\/12502"}],"wp:attachment":[{"href":"https:\/\/ladepeche.mr\/index.php?rest_route=%2Fwp%2Fv2%2Fmedia&parent=12501"}],"wp:term":[{"taxonomy":"category","embeddable":true,"href":"https:\/\/ladepeche.mr\/index.php?rest_route=%2Fwp%2Fv2%2Fcategories&post=12501"},{"taxonomy":"post_tag","embeddable":true,"href":"https:\/\/ladepeche.mr\/index.php?rest_route=%2Fwp%2Fv2%2Ftags&post=12501"}],"curies":[{"name":"wp","href":"https:\/\/api.w.org\/{rel}","templated":true}]}}