{"id":12505,"date":"2024-11-16T18:06:27","date_gmt":"2024-11-16T18:06:27","guid":{"rendered":"https:\/\/ladepeche.mr\/?p=12505"},"modified":"2024-11-16T18:06:27","modified_gmt":"2024-11-16T18:06:27","slug":"le-ministere-de-leconomie-et-des-finances-lance-les-preparatifs-des-forums-de-concertation-entre-les-secteurs-public-et-prive","status":"publish","type":"post","link":"https:\/\/ladepeche.mr\/?p=12505","title":{"rendered":"Le Minist\u00e8re de l&#8217;\u00c9conomie et des Finances lance les pr\u00e9paratifs des forums de concertation entre les secteurs public et priv\u00e9"},"content":{"rendered":"<p>Le ministre de l\u2019\u00c9conomie et des Finances, M. Sid&#8217;Ahmed Ould Bouh, a annonc\u00e9 vendredi le lancement des pr\u00e9paratifs pour l\u2019organisation des forums de concertation public- priv\u00e9 , qui se tiendront au cours du mois de d\u00e9cembre prochain \u00e0 Nouakchott.<\/p>\n<p>Cette d\u00e9claration a \u00e9t\u00e9 faite lors de la r\u00e9union du comit\u00e9 de pilotage du processus de concertation entre les deux secteurs, tenue aujourd\u2019hui au si\u00e8ge du minist\u00e8re, en pr\u00e9sence des membres du comit\u00e9, comprenant des repr\u00e9sentants du gouvernement et de l\u2019Union nationale du patronat mauritanien.<\/p>\n<p>Au cours de la r\u00e9union, le ministre a pr\u00e9cis\u00e9 que cette rencontre vise \u00e0 \u00e9tablir un cadre technique charg\u00e9 d\u2019organiser et de pr\u00e9parer ces journ\u00e9es de concertation.<\/p>\n<p>Il a rappel\u00e9 que Son Excellence le Pr\u00e9sident de la R\u00e9publique, Monsieur Mohamed Ould Cheikh El Ghazouani, a inscrit dans son programme \u00ab Mes Ambitions pour la patrie \u00bb son engagement \u00e0 promouvoir le secteur priv\u00e9. Il a \u00e9galement instruit le gouvernement, d\u00e8s sa formation, \u00e0 d\u00e9velopper une vision claire et une approche structur\u00e9e pour r\u00e9guler les relations entre l\u2019\u00c9tat, ses institutions et le secteur priv\u00e9.<\/p>\n<p>Le ministre a \u00e9galement soulign\u00e9 que le Premier ministre, dans sa d\u00e9claration de politique g\u00e9n\u00e9rale devant le Parlement, a r\u00e9it\u00e9r\u00e9 l\u2019importance d\u2019une pr\u00e9paration rigoureuse des journ\u00e9es de concertation. Ces journ\u00e9es doivent permettre d\u2019analyser la contribution actuelle du secteur priv\u00e9 au processus de d\u00e9veloppement, d\u2019identifier les obstacles qui entravent son r\u00f4le et de proposer des solutions structurelles pour renforcer ses capacit\u00e9s.<\/p>\n<p>Le ministre a mis en exergue le r\u00f4le incontournable du secteur priv\u00e9 dans le d\u00e9veloppement \u00e9conomique, soulignant que l\u2019\u00c9tat a la responsabilit\u00e9 d\u2019am\u00e9liorer le climat des affaires, de stimuler les unit\u00e9s du secteur priv\u00e9 et de promouvoir la cr\u00e9ation d\u2019emplois.<\/p>\n<p>Ces journ\u00e9es de concertation, auxquelles participeront tous les repr\u00e9sentants des secteurs public et priv\u00e9, sont pr\u00e9vues pour la troisi\u00e8me semaine de d\u00e9cembre, a-t-il indiqu\u00e9, ajoutant que le Premier ministre pr\u00e9sidera dans les prochains jours la r\u00e9union du comit\u00e9 sup\u00e9rieur charg\u00e9 de superviser les forums entre l\u2019\u00c9tat et le secteur priv\u00e9.<\/p>\n<p>La pr\u00e9sente r\u00e9union a pour objectif de d\u00e9finir les principaux axes \u00e0 aborder lors des forums, notamment l\u2019identification des th\u00e9matiques des ateliers, la pr\u00e9paration des documents diagnostiques, l\u2019\u00e9laboration du cadre g\u00e9n\u00e9ral des discussions, ainsi que la formulation d\u2019un rapport consensuel et la proposition d\u2019un m\u00e9canisme de suivi.<\/p>\n<p>De son c\u00f4t\u00e9, le pr\u00e9sident de l\u2019Union nationale du patronat mauritanien, M. Mohamed Zein El Abidine Ould Cheikh Ahmed, a salu\u00e9 l\u2019organisation de ces journ\u00e9es comme une \u00e9tape importante pour renforcer la tradition de dialogue entre les pouvoirs publics et le secteur priv\u00e9. Il a soulign\u00e9 que ces forums permettront de d\u00e9battre de toutes les questions en suspens.<\/p>\n<p>Il a ajout\u00e9 que les ressources du pays, bien que consid\u00e9rables, restent sous-exploit\u00e9es, et que surmonter les d\u00e9fis n\u00e9cessite un dialogue franc sur les questions de d\u00e9veloppement, ainsi qu\u2019une coop\u00e9ration \u00e9troite entre l\u2019\u00c9tat et le secteur priv\u00e9, fond\u00e9e sur une confiance mutuelle et une responsabilit\u00e9 partag\u00e9e.<\/p>\n<p>L\u2019Union nationale du patronat mauritanien, a-t-il affirm\u00e9, est pleinement dispos\u00e9e \u00e0 apporter le soutien n\u00e9cessaire pour garantir le succ\u00e8s de ce processus, dans l\u2019int\u00e9r\u00eat du peuple et de la nation.<\/p>\n<p>Ont \u00e9galement assist\u00e9 \u00e0 la r\u00e9union la ministre du Commerce et du Tourisme, le conseiller du Premier ministre, le secr\u00e9taire g\u00e9n\u00e9ral du minist\u00e8re de l\u2019\u00c9conomie et des Finances, ainsi que des pr\u00e9sidents de f\u00e9d\u00e9rations patronales et plusieurs cadres du minist\u00e8re membres du comit\u00e9 de pilotage.<\/p>\n<p>MEF<\/p>\n","protected":false},"excerpt":{"rendered":"<p>Le ministre de l\u2019\u00c9conomie et des Finances, M. Sid&#8217;Ahmed Ould Bouh, a annonc\u00e9 vendredi le lancement des pr\u00e9paratifs pour l\u2019organisation des forums de concertation public- priv\u00e9 , qui se tiendront au cours du mois de d\u00e9cembre prochain \u00e0 Nouakchott. Cette d\u00e9claration a \u00e9t\u00e9 faite lors de la r\u00e9union du comit\u00e9 de pilotage du processus de &hellip;<\/p>\n","protected":false},"author":2,"featured_media":12506,"comment_status":"open","ping_status":"open","sticky":false,"template":"","format":"standard","meta":{"footnotes":""},"categories":[18,2],"tags":[],"class_list":["post-12505","post","type-post","status-publish","format-standard","has-post-thumbnail","hentry","category-actualites","category-economie"],"_links":{"self":[{"href":"https:\/\/ladepeche.mr\/index.php?rest_route=\/wp\/v2\/posts\/12505","targetHints":{"allow":["GET"]}}],"collection":[{"href":"https:\/\/ladepeche.mr\/index.php?rest_route=\/wp\/v2\/posts"}],"about":[{"href":"https:\/\/ladepeche.mr\/index.php?rest_route=\/wp\/v2\/types\/post"}],"author":[{"embeddable":true,"href":"https:\/\/ladepeche.mr\/index.php?rest_route=\/wp\/v2\/users\/2"}],"replies":[{"embeddable":true,"href":"https:\/\/ladepeche.mr\/index.php?rest_route=%2Fwp%2Fv2%2Fcomments&post=12505"}],"version-history":[{"count":1,"href":"https:\/\/ladepeche.mr\/index.php?rest_route=\/wp\/v2\/posts\/12505\/revisions"}],"predecessor-version":[{"id":12507,"href":"https:\/\/ladepeche.mr\/index.php?rest_route=\/wp\/v2\/posts\/12505\/revisions\/12507"}],"wp:featuredmedia":[{"embeddable":true,"href":"https:\/\/ladepeche.mr\/index.php?rest_route=\/wp\/v2\/media\/12506"}],"wp:attachment":[{"href":"https:\/\/ladepeche.mr\/index.php?rest_route=%2Fwp%2Fv2%2Fmedia&parent=12505"}],"wp:term":[{"taxonomy":"category","embeddable":true,"href":"https:\/\/ladepeche.mr\/index.php?rest_route=%2Fwp%2Fv2%2Fcategories&post=12505"},{"taxonomy":"post_tag","embeddable":true,"href":"https:\/\/ladepeche.mr\/index.php?rest_route=%2Fwp%2Fv2%2Ftags&post=12505"}],"curies":[{"name":"wp","href":"https:\/\/api.w.org\/{rel}","templated":true}]}}