{"id":12508,"date":"2024-11-16T18:30:00","date_gmt":"2024-11-16T18:30:00","guid":{"rendered":"https:\/\/ladepeche.mr\/?p=12508"},"modified":"2024-11-16T18:12:22","modified_gmt":"2024-11-16T18:12:22","slug":"senegal-lue-va-retirer-ses-navires-de-peche-des-eaux-senegalaises","status":"publish","type":"post","link":"https:\/\/ladepeche.mr\/?p=12508","title":{"rendered":"S\u00e9n\u00e9gal | L\u2019UE va retirer ses navires de p\u00eache des eaux s\u00e9n\u00e9galaises"},"content":{"rendered":"<p><strong>C\u2019est une mini-bombe diplomatique l\u00e2ch\u00e9e par Bruxelles en pleine campagne des l\u00e9gislatives. Ce qui est s\u00fbr, c\u2019est qu\u2019elle fait jaser dans les caf\u00e9s dakarois. En effet, l\u2019Union europ\u00e9enne a signifi\u00e9 au gouvernement s\u00e9n\u00e9galais qu\u2019elle ne souhaitait pas reconduire l\u2019accord de p\u00eache qui arrive \u00e0 terme dimanche 17 novembre<\/strong><\/p>\n<p>C\u2019est l\u2019ambassadeur de l\u2019UE \u00e0 Dakar, Jean-Marc Pisani qui a r\u00e9v\u00e9l\u00e9 l\u2019information mardi 12 novembre relayant un communiqu\u00e9 de la Commission europ\u00e9enne.<br \/>\nPour justifier sa d\u00e9cision, Bruxelles met en avant sa politique de \u00abtol\u00e9rance z\u00e9ro\u00bb appliqu\u00e9e vis-\u00e0-vis des pratiques de p\u00eache illicite, non d\u00e9clar\u00e9e et non r\u00e9glement\u00e9e tout en insistant sur le peu d\u2019efforts fournis par le S\u00e9n\u00e9gal pour lutter contre ce ph\u00e9nom\u00e8ne malgr\u00e9 les \u00e9changes de plusieurs ann\u00e9es entre les deux parties sur cette question. Le S\u00e9n\u00e9gal avait d\u00e9j\u00e0 re\u00e7u le 27 mai dernier un avertissement de la Commission europ\u00e9enne qui d\u00e9clarait alors que des exportations ill\u00e9gales vers le march\u00e9 europ\u00e9en ont \u00e9t\u00e9 d\u00e9tect\u00e9es.<br \/>\n\u00abDans l\u2019attente d\u2019une \u00e9volution favorable, l\u2019accord de p\u00eache entre l\u2019UE et le S\u00e9n\u00e9gal ne sera pas renouvel\u00e9. Les navires europ\u00e9ens devront donc quitter les eaux du S\u00e9n\u00e9gal \u00e0 l\u2019expiration du protocole, le 17 novembre\u00bb, souligne l\u2019UE dans un communiqu\u00e9.<br \/>\nL\u2019accord de p\u00eache avec l\u2019UE sur la p\u00e9riode 2019-2024 a rapport\u00e9 au budget de l\u2019\u00c9tat s\u00e9n\u00e9galais 8,5 millions d\u2019euros par an dont plus de la moiti\u00e9 \u00e9tait destin\u00e9 \u00e0 soutenir le d\u00e9veloppement du secteur de la p\u00eache. Selon l\u2019UE, cette enveloppe a permis en partie de financer des projets de d\u00e9veloppement de la p\u00eache au S\u00e9n\u00e9gal, dont la construction des quais de p\u00eache de Ndangane Sambou, dans la r\u00e9gion de Fatick, et de Hann, \u00e0 Dakar, mais aussi de r\u00e9aliser des projets dans le cadre de la surveillance et la recherche scientifique pour la pr\u00e9servation des stocks de poissons.<br \/>\nL\u2019accord de p\u00eache S\u00e9n\u00e9gal-UE pr\u00e9voyait la p\u00eache de 10 000 tonnes de thon et 1700 tonnes de merlu noir en contrepartie d\u2019une redevance financi\u00e8re de Bruxelles. Les op\u00e9rateurs de la p\u00eache artisanale, qui d\u00e9noncent r\u00e9guli\u00e8rement le \u00abpillage des ressources halieutiques\u00bb et la rar\u00e9faction du poisson, se frottent les mains. https:\/\/afrimag.net\/senegal-lue-retirer-ses-navires-peche-eaux-senegalaises\/?utm_source=mailpoet&amp;utm_medium=email&amp;utm_source_platform=mailpoet&amp;utm_campaign=newsletter<\/p>\n<div>\n<div class=\"centered-text-area\">\n<div class=\"centered-text\">\n<div class=\"s4aa5151a580fe50c1dbe09c9808c6aaf-content\"><\/div>\n<\/div>\n<\/div>\n<\/div>\n","protected":false},"excerpt":{"rendered":"<p>C\u2019est une mini-bombe diplomatique l\u00e2ch\u00e9e par Bruxelles en pleine campagne des l\u00e9gislatives. Ce qui est s\u00fbr, c\u2019est qu\u2019elle fait jaser dans les caf\u00e9s dakarois. En effet, l\u2019Union europ\u00e9enne a signifi\u00e9 au gouvernement s\u00e9n\u00e9galais qu\u2019elle ne souhaitait pas reconduire l\u2019accord de p\u00eache qui arrive \u00e0 terme dimanche 17 novembre C\u2019est l\u2019ambassadeur de l\u2019UE \u00e0 Dakar, Jean-Marc &hellip;<\/p>\n","protected":false},"author":2,"featured_media":12509,"comment_status":"open","ping_status":"open","sticky":false,"template":"","format":"standard","meta":{"footnotes":""},"categories":[18,29],"tags":[],"class_list":["post-12508","post","type-post","status-publish","format-standard","has-post-thumbnail","hentry","category-actualites","category-monde"],"_links":{"self":[{"href":"https:\/\/ladepeche.mr\/index.php?rest_route=\/wp\/v2\/posts\/12508","targetHints":{"allow":["GET"]}}],"collection":[{"href":"https:\/\/ladepeche.mr\/index.php?rest_route=\/wp\/v2\/posts"}],"about":[{"href":"https:\/\/ladepeche.mr\/index.php?rest_route=\/wp\/v2\/types\/post"}],"author":[{"embeddable":true,"href":"https:\/\/ladepeche.mr\/index.php?rest_route=\/wp\/v2\/users\/2"}],"replies":[{"embeddable":true,"href":"https:\/\/ladepeche.mr\/index.php?rest_route=%2Fwp%2Fv2%2Fcomments&post=12508"}],"version-history":[{"count":1,"href":"https:\/\/ladepeche.mr\/index.php?rest_route=\/wp\/v2\/posts\/12508\/revisions"}],"predecessor-version":[{"id":12510,"href":"https:\/\/ladepeche.mr\/index.php?rest_route=\/wp\/v2\/posts\/12508\/revisions\/12510"}],"wp:featuredmedia":[{"embeddable":true,"href":"https:\/\/ladepeche.mr\/index.php?rest_route=\/wp\/v2\/media\/12509"}],"wp:attachment":[{"href":"https:\/\/ladepeche.mr\/index.php?rest_route=%2Fwp%2Fv2%2Fmedia&parent=12508"}],"wp:term":[{"taxonomy":"category","embeddable":true,"href":"https:\/\/ladepeche.mr\/index.php?rest_route=%2Fwp%2Fv2%2Fcategories&post=12508"},{"taxonomy":"post_tag","embeddable":true,"href":"https:\/\/ladepeche.mr\/index.php?rest_route=%2Fwp%2Fv2%2Ftags&post=12508"}],"curies":[{"name":"wp","href":"https:\/\/api.w.org\/{rel}","templated":true}]}}