{"id":12514,"date":"2024-11-17T22:06:18","date_gmt":"2024-11-17T22:06:18","guid":{"rendered":"https:\/\/ladepeche.mr\/?p=12514"},"modified":"2024-11-17T22:06:58","modified_gmt":"2024-11-17T22:06:58","slug":"proces-en-appel-de-lex-president-mauritanien-pourquoi-larbitrage-du-conseil-constitutionnel-a-ete-requis","status":"publish","type":"post","link":"https:\/\/ladepeche.mr\/?p=12514","title":{"rendered":"Proc\u00e8s en appel de l&#8217;ex-pr\u00e9sident mauritanien : pourquoi l\u2019arbitrage du Conseil constitutionnel a \u00e9t\u00e9 requis"},"content":{"rendered":"<p>Jugeant que la loi qui encadre la lutte contre la corruption ne pouvait s\u2019appliquer \u00e0 un pr\u00e9sident de la R\u00e9publique, les avocats de Mohamed ould Abdel Aziz ont d\u00e9pos\u00e9 un recours aupr\u00e8s de la Cour d\u2019appel de Nouakchott qui a suspendu le proc\u00e8s, le temps pour le Conseil constitutionnel d\u2019\u00e9tudier la question.<\/p>\n<p>C\u2019est un v\u00e9ritable retour \u00e0 la case de d\u00e9part. Le proc\u00e8s en appel de l\u2019ancien pr\u00e9sident mauritanien Mohamed ould Abdel Aziz a \u00e9t\u00e9 suspendu. En effet, apr\u00e8s sa condamnation en d\u00e9cembre 2023 \u00e0 5 ans de prison, ses avocats ont fait appel et le proc\u00e8s avait repris le lundi 11 novembre devant la chambre p\u00e9nale de la Cour d\u2019appel de Nouakchott.<\/p>\n<p>Le proc\u00e8s a \u00e9t\u00e9 aussit\u00f4t suspendu apr\u00e8s la contestation des avocats de la d\u00e9fense de l\u2019article 02 de la loi 040-2016, relative \u00e0 la lutte contre la corruption sur la base duquel ould Abdel Aziz a \u00e9t\u00e9 condamn\u00e9. La d\u00e9fense estime que cet article ne peut s\u2019appliquer au pr\u00e9sident de la R\u00e9publique.<\/p>\n<p>En cons\u00e9quence, le dossier sera, \u00e0 nouveau, transmis au Conseil constitutionnel, qui dispose d\u2019un d\u00e9lai d\u2019un mois, pour statuer sur le recours de la d\u00e9fense.<\/p>\n<p>Mohamed Abdel Aziz a \u00e9t\u00e9 condamn\u00e9 \u00e0 5 ans de prison ferme et \u00e0 la confiscation de ses biens en premi\u00e8re instance, pour \u00abenrichissement illicite et blanchiment\u00bb.<\/p>\n<p>Maitre Taleb Khiyar, avocat de la d\u00e9fense, justifie la saisine du conseil constitutionnel pour l\u2019article 02 de la loi relative \u00e0 la lutte contre la corruption qui \u00abs\u2019applique aux agents publics. Vouloir faire du pr\u00e9sident de la R\u00e9publique un agent de l\u2019Etat est une h\u00e9r\u00e9sie.\u00bb<\/p>\n<p>Maitre Brahim Ebetty, avocat de la partie civile, soutient que le pr\u00e9sident de la R\u00e9publique est un agent public r\u00e9gi par ce m\u00eame article qui ne fait pas de distinction entre personnes nomm\u00e9es et \u00e9lues, \u00able pr\u00e9sident de la R\u00e9publique est la seule personnalit\u00e9 \u00e9lue au sein de l\u2019ex\u00e9cutif\u00bb. Selon lui, la loi est claire et autorise donc les poursuites contre toute autorit\u00e9 appartenant \u00e0 l\u2019ex\u00e9cutif, dont l\u2019ex-chef d\u2019\u00c9tat.<\/p>\n<p>Apr\u00e8s leur recours, les avocats de la d\u00e9fense disposent de 15 jours pour d\u00e9poser un m\u00e9moire aupr\u00e8s du Conseil constitutionnel lequel va statuer dans une quinzaine de jours pour statuer. Ainsi, le proc\u00e8s en appel pourrait reprendre fin d\u00e9cembre ou d\u00e9but janvier 2025.<\/p>\n<p>360.ma Par Amadou Seck (Nouakchott, correspondance)<\/p>\n<p><iframe loading=\"lazy\" title=\"Proc\u00e8s en appel de ould Abdel Aziz: Pourquoi l\u2019arbitrage du Conseil constitutionnel a \u00e9t\u00e9 requis?\" width=\"500\" height=\"281\" src=\"https:\/\/www.youtube.com\/embed\/FIfv4AZ8IJ4?feature=oembed\" frameborder=\"0\" allow=\"accelerometer; autoplay; clipboard-write; encrypted-media; gyroscope; picture-in-picture; web-share\" referrerpolicy=\"strict-origin-when-cross-origin\" allowfullscreen><\/iframe><\/p>\n","protected":false},"excerpt":{"rendered":"<p>Jugeant que la loi qui encadre la lutte contre la corruption ne pouvait s\u2019appliquer \u00e0 un pr\u00e9sident de la R\u00e9publique, les avocats de Mohamed ould Abdel Aziz ont d\u00e9pos\u00e9 un recours aupr\u00e8s de la Cour d\u2019appel de Nouakchott qui a suspendu le proc\u00e8s, le temps pour le Conseil constitutionnel d\u2019\u00e9tudier la question. C\u2019est un v\u00e9ritable &hellip;<\/p>\n","protected":false},"author":2,"featured_media":12515,"comment_status":"open","ping_status":"open","sticky":false,"template":"","format":"standard","meta":{"footnotes":""},"categories":[18,31],"tags":[],"class_list":["post-12514","post","type-post","status-publish","format-standard","has-post-thumbnail","hentry","category-actualites","category-politique-et-reportages"],"_links":{"self":[{"href":"https:\/\/ladepeche.mr\/index.php?rest_route=\/wp\/v2\/posts\/12514","targetHints":{"allow":["GET"]}}],"collection":[{"href":"https:\/\/ladepeche.mr\/index.php?rest_route=\/wp\/v2\/posts"}],"about":[{"href":"https:\/\/ladepeche.mr\/index.php?rest_route=\/wp\/v2\/types\/post"}],"author":[{"embeddable":true,"href":"https:\/\/ladepeche.mr\/index.php?rest_route=\/wp\/v2\/users\/2"}],"replies":[{"embeddable":true,"href":"https:\/\/ladepeche.mr\/index.php?rest_route=%2Fwp%2Fv2%2Fcomments&post=12514"}],"version-history":[{"count":2,"href":"https:\/\/ladepeche.mr\/index.php?rest_route=\/wp\/v2\/posts\/12514\/revisions"}],"predecessor-version":[{"id":12517,"href":"https:\/\/ladepeche.mr\/index.php?rest_route=\/wp\/v2\/posts\/12514\/revisions\/12517"}],"wp:featuredmedia":[{"embeddable":true,"href":"https:\/\/ladepeche.mr\/index.php?rest_route=\/wp\/v2\/media\/12515"}],"wp:attachment":[{"href":"https:\/\/ladepeche.mr\/index.php?rest_route=%2Fwp%2Fv2%2Fmedia&parent=12514"}],"wp:term":[{"taxonomy":"category","embeddable":true,"href":"https:\/\/ladepeche.mr\/index.php?rest_route=%2Fwp%2Fv2%2Fcategories&post=12514"},{"taxonomy":"post_tag","embeddable":true,"href":"https:\/\/ladepeche.mr\/index.php?rest_route=%2Fwp%2Fv2%2Ftags&post=12514"}],"curies":[{"name":"wp","href":"https:\/\/api.w.org\/{rel}","templated":true}]}}