{"id":12518,"date":"2024-11-17T22:27:55","date_gmt":"2024-11-17T22:27:55","guid":{"rendered":"https:\/\/ladepeche.mr\/?p=12518"},"modified":"2024-11-17T22:27:55","modified_gmt":"2024-11-17T22:27:55","slug":"le-president-de-la-republique-president-de-lua-se-rend-a-rio-de-janeiro-pour-participer-au-sommet-du-g20","status":"publish","type":"post","link":"https:\/\/ladepeche.mr\/?p=12518","title":{"rendered":"Le Pr\u00e9sident de la R\u00e9publique, Pr\u00e9sident de l\u2019UA, se rend \u00e0 Rio de Janeiro pour participer au Sommet du G20"},"content":{"rendered":"<p>Son Excellence le Pr\u00e9sident de la R\u00e9publique, Pr\u00e9sident de l\u2019Union africaine, Monsieur Mohamed Ould Cheikh El Ghazouani, a quitt\u00e9 Nouakchott dimanche soir pour Rio de Janeiro (Br\u00e9sil), afin de participer au 19\u00e8me Sommet du Groupe des Vingt (G20), pr\u00e9vu les 18 et 19 novembre 2024.<\/p>\n<p>A son d\u00e9part \u00e0 l\u2019a\u00e9roport international de Nouakchott Oumtounsi, le Pr\u00e9sident de la R\u00e9publique a \u00e9t\u00e9 salu\u00e9 par le Premier ministre Moctar Ould Diay, le ministre secr\u00e9taire g\u00e9n\u00e9ral de la pr\u00e9sidence de la R\u00e9publique, M. Moulay Ould Mohamed Laghdaf,<\/p>\n<p>les ministres conseillers \u00e0 la pr\u00e9sidence de la R\u00e9publique Mohamed Ould Abdallahi Ould Othmane et Mme Aichata Ba Yahia,<\/p>\n<p>le ministre des Affaires \u00e9trang\u00e8res, de la Coop\u00e9ration africaine et des Mauritaniens de l\u2019ext\u00e9rieur, M. Mohamed Salem Ould Merzoug, le ministre de la D\u00e9fense nationale, des retrait\u00e9s et des enfants des martyrs, M. Hanane Ould Sidi, le ministre de l\u2019int\u00e9rieur, de la promotion de la d\u00e9centralisation et du d\u00e9veloppement local,<\/p>\n<p>M. Mohamed Ahmed Ould Mohamed Lamine, la directrice adjointe du cabinet du pr\u00e9sident de la R\u00e9publique, Mme. Gandega Fatimata, le wali de Nouakchott Ouest M. M. M\u2019Rabih Rabou Ould Bounena Ould Abidine, et la pr\u00e9sidente de la r\u00e9gion de Nouakchott, Mme Fatimetou Mint Abdelmalek.<\/p>\n<p>Son Excellence le Pr\u00e9sident de la R\u00e9publique est accompagn\u00e9 d\u2019une importante d\u00e9l\u00e9gation compos\u00e9e de MM.: \u2013 Nani Ould Chrougha, Ministre charg\u00e9 du cabinet du Pr\u00e9sident de la de la R\u00e9publique, Sid Ahmed Ould Bouh, Ministre de l\u2019Economie et des Finances ;<\/p>\n<p>Abdoulaye Idrissa Wane, Ambassadeur de Mauritanie au Br\u00e9sil ;<\/p>\n<p>Tah Ould Ahmed Maouloud, Conseiller \u00e0 la Pr\u00e9sidence de la R\u00e9publique ;<\/p>\n<p>El Hassan Ould Zein, Conseiller \u00e0 la Pr\u00e9sidence de la R\u00e9publique ;<\/p>\n<p>El Hassan Ould Ahmed, Directeur G\u00e9n\u00e9ral du Protocole d\u2019Etat.<\/p>\n<p>Ami<\/p>\n","protected":false},"excerpt":{"rendered":"<p>Son Excellence le Pr\u00e9sident de la R\u00e9publique, Pr\u00e9sident de l\u2019Union africaine, Monsieur Mohamed Ould Cheikh El Ghazouani, a quitt\u00e9 Nouakchott dimanche soir pour Rio de Janeiro (Br\u00e9sil), afin de participer au 19\u00e8me Sommet du Groupe des Vingt (G20), pr\u00e9vu les 18 et 19 novembre 2024. A son d\u00e9part \u00e0 l\u2019a\u00e9roport international de Nouakchott Oumtounsi, le &hellip;<\/p>\n","protected":false},"author":2,"featured_media":12519,"comment_status":"open","ping_status":"open","sticky":false,"template":"","format":"standard","meta":{"footnotes":""},"categories":[18,29],"tags":[],"class_list":["post-12518","post","type-post","status-publish","format-standard","has-post-thumbnail","hentry","category-actualites","category-monde"],"_links":{"self":[{"href":"https:\/\/ladepeche.mr\/index.php?rest_route=\/wp\/v2\/posts\/12518","targetHints":{"allow":["GET"]}}],"collection":[{"href":"https:\/\/ladepeche.mr\/index.php?rest_route=\/wp\/v2\/posts"}],"about":[{"href":"https:\/\/ladepeche.mr\/index.php?rest_route=\/wp\/v2\/types\/post"}],"author":[{"embeddable":true,"href":"https:\/\/ladepeche.mr\/index.php?rest_route=\/wp\/v2\/users\/2"}],"replies":[{"embeddable":true,"href":"https:\/\/ladepeche.mr\/index.php?rest_route=%2Fwp%2Fv2%2Fcomments&post=12518"}],"version-history":[{"count":1,"href":"https:\/\/ladepeche.mr\/index.php?rest_route=\/wp\/v2\/posts\/12518\/revisions"}],"predecessor-version":[{"id":12520,"href":"https:\/\/ladepeche.mr\/index.php?rest_route=\/wp\/v2\/posts\/12518\/revisions\/12520"}],"wp:featuredmedia":[{"embeddable":true,"href":"https:\/\/ladepeche.mr\/index.php?rest_route=\/wp\/v2\/media\/12519"}],"wp:attachment":[{"href":"https:\/\/ladepeche.mr\/index.php?rest_route=%2Fwp%2Fv2%2Fmedia&parent=12518"}],"wp:term":[{"taxonomy":"category","embeddable":true,"href":"https:\/\/ladepeche.mr\/index.php?rest_route=%2Fwp%2Fv2%2Fcategories&post=12518"},{"taxonomy":"post_tag","embeddable":true,"href":"https:\/\/ladepeche.mr\/index.php?rest_route=%2Fwp%2Fv2%2Ftags&post=12518"}],"curies":[{"name":"wp","href":"https:\/\/api.w.org\/{rel}","templated":true}]}}