{"id":1252,"date":"2022-07-26T10:15:32","date_gmt":"2022-07-26T10:15:32","guid":{"rendered":"https:\/\/ladepeche.mr\/?p=1252"},"modified":"2022-07-26T10:15:32","modified_gmt":"2022-07-26T10:15:32","slug":"assemblee-nationale-adoption-de-la-loi-dorientation-de-leducation-nationale","status":"publish","type":"post","link":"https:\/\/ladepeche.mr\/?p=1252","title":{"rendered":"Assembl\u00e9e nationale: Adoption de la loi d\u2019orientation de l\u2019Education nationale"},"content":{"rendered":"<p>Les d\u00e9put\u00e9s ont adopt\u00e9, lundi, la loi d\u2019orientation de l\u2019Education nationale, lors d\u2019une s\u00e9ance pl\u00e9ni\u00e8re, pr\u00e9sid\u00e9e par le 2\u00e8me vice-pr\u00e9sident de l\u2019Assembl\u00e9e nationale, Essouvi Ould Che\u00eebani.<\/p>\n<p>D\u00e9fendant le texte, le ministre de l\u2019Education nationale et de la R\u00e9forme du Syst\u00e8me \u00e9ducatif, porte-parole du gouvernement, M. Mohamed Mala\u00eenine Ould Eyih, a pr\u00e9cis\u00e9 que cette loi est intervenue pour mettre un terme \u00e0 la d\u00e9t\u00e9rioration alarmante du syst\u00e8me \u00e9ducatif national et son incapacit\u00e9 \u00e0 relever les d\u00e9fis auxquels le pays est confront\u00e9, une situation que les r\u00e9formes successives n\u2019ont pas r\u00e9ussi \u00e0 la rem\u00e9dier depuis l\u2019ind\u00e9pendance.<\/p>\n<p>Il a ajout\u00e9 : Le programme Taahoudati du Pr\u00e9sident de la R\u00e9publique, Monsieur Mohamed Ould Cheikh El Ghazouani a \u00e9t\u00e9 \u00e9labor\u00e9 pour corriger cette situation et faire de la r\u00e9forme \u00e9ducative un objectif capital, et mis en \u0153uvre suivant une m\u00e9thodologie scientifique.<\/p>\n<p>M. Eyih a r\u00e9it\u00e9r\u00e9 que le texte a pris en compte la consolidation de l\u2019identit\u00e9 religieuse et culturelle, la pr\u00e9servation de la dimension r\u00e9gionale et l&#8217;ancrage d\u2019un esprit de citoyennet\u00e9 et de respect de la diversit\u00e9.<\/p>\n<p>Les d\u00e9put\u00e9s ont plaid\u00e9 pour l\u2019offre des garanties pour la mise en \u0153uvre de la loi et la r\u00e9alisation de ses objectifs, compte tenu des r\u00e9sultats des r\u00e9formes pr\u00e9c\u00e9dentes.<\/p>\n<p>Ils ont soulign\u00e9 la n\u00e9cessit\u00e9 d\u2019appliquer cette loi, qui selon eux, qui rend l\u2019enseignement obligatoire, lutte contre l\u2019abandon scolaire et cr\u00e9\u00e9 des conditions propices \u00e0 l\u2019\u00e9ducation des enfants de mani\u00e8re transparente et \u00e9quitable, et la lutte contre le travail des mineurs.<\/p>\n<p>L\u2019Assembl\u00e9e nationale a, enfin, introduit certains amendements sur plusieurs chapitres de la loi.<\/p>\n<p>Ami<\/p>\n","protected":false},"excerpt":{"rendered":"<p>Les d\u00e9put\u00e9s ont adopt\u00e9, lundi, la loi d\u2019orientation de l\u2019Education nationale, lors d\u2019une s\u00e9ance pl\u00e9ni\u00e8re, pr\u00e9sid\u00e9e par le 2\u00e8me vice-pr\u00e9sident de l\u2019Assembl\u00e9e nationale, Essouvi Ould Che\u00eebani. D\u00e9fendant le texte, le ministre de l\u2019Education nationale et de la R\u00e9forme du Syst\u00e8me \u00e9ducatif, porte-parole du gouvernement, M. Mohamed Mala\u00eenine Ould Eyih, a pr\u00e9cis\u00e9 que cette loi est &hellip;<\/p>\n","protected":false},"author":2,"featured_media":1253,"comment_status":"open","ping_status":"open","sticky":false,"template":"","format":"standard","meta":{"footnotes":""},"categories":[18],"tags":[],"class_list":["post-1252","post","type-post","status-publish","format-standard","has-post-thumbnail","hentry","category-actualites"],"_links":{"self":[{"href":"https:\/\/ladepeche.mr\/index.php?rest_route=\/wp\/v2\/posts\/1252","targetHints":{"allow":["GET"]}}],"collection":[{"href":"https:\/\/ladepeche.mr\/index.php?rest_route=\/wp\/v2\/posts"}],"about":[{"href":"https:\/\/ladepeche.mr\/index.php?rest_route=\/wp\/v2\/types\/post"}],"author":[{"embeddable":true,"href":"https:\/\/ladepeche.mr\/index.php?rest_route=\/wp\/v2\/users\/2"}],"replies":[{"embeddable":true,"href":"https:\/\/ladepeche.mr\/index.php?rest_route=%2Fwp%2Fv2%2Fcomments&post=1252"}],"version-history":[{"count":1,"href":"https:\/\/ladepeche.mr\/index.php?rest_route=\/wp\/v2\/posts\/1252\/revisions"}],"predecessor-version":[{"id":1254,"href":"https:\/\/ladepeche.mr\/index.php?rest_route=\/wp\/v2\/posts\/1252\/revisions\/1254"}],"wp:featuredmedia":[{"embeddable":true,"href":"https:\/\/ladepeche.mr\/index.php?rest_route=\/wp\/v2\/media\/1253"}],"wp:attachment":[{"href":"https:\/\/ladepeche.mr\/index.php?rest_route=%2Fwp%2Fv2%2Fmedia&parent=1252"}],"wp:term":[{"taxonomy":"category","embeddable":true,"href":"https:\/\/ladepeche.mr\/index.php?rest_route=%2Fwp%2Fv2%2Fcategories&post=1252"},{"taxonomy":"post_tag","embeddable":true,"href":"https:\/\/ladepeche.mr\/index.php?rest_route=%2Fwp%2Fv2%2Ftags&post=1252"}],"curies":[{"name":"wp","href":"https:\/\/api.w.org\/{rel}","templated":true}]}}