{"id":12536,"date":"2024-11-20T22:30:35","date_gmt":"2024-11-20T22:30:35","guid":{"rendered":"https:\/\/ladepeche.mr\/?p=12536"},"modified":"2024-11-20T22:30:35","modified_gmt":"2024-11-20T22:30:35","slug":"communique-du-conseil-des-ministres-du-mercredi-20-novembre-2024","status":"publish","type":"post","link":"https:\/\/ladepeche.mr\/?p=12536","title":{"rendered":"Communiqu\u00e9 du Conseil des Ministres du Mercredi 20 novembre 2024"},"content":{"rendered":"<p>Le Conseil des Ministres s\u2019est r\u00e9uni le Mercredi 20 novembre 2024, sous la Pr\u00e9sidence de Son Excellence Monsieur Mohamed Ould Cheikh El-Ghazouani, Pr\u00e9sident de la R\u00e9publique.<\/p>\n<p>Le Conseil a examin\u00e9 et adopt\u00e9 les projets de d\u00e9crets suivants :<\/p>\n<p>\u2010 Projet de d\u00e9cret d\u00e9finissant les Statuts Types des F\u00e9d\u00e9rations Sportives Nationales et fixant les crit\u00e8res de Classement et le mode de Gestion des Infrastructures Sportives.<\/p>\n<p>Le Pr\u00e9sent projet de d\u00e9cret vise renforcer le cadre r\u00e9glementaire actuel afin d\u2019instaurer une pratique sportive durable, transparente et compatible avec les standards internationaux. Il vise \u00e0 \u00e9tablir les bases r\u00e9glementaires des f\u00e9d\u00e9rations sportives afin de jouer leur r\u00f4le dans le processus de d\u00e9veloppement et de modernisation du sport national.<\/p>\n<p>Il vise \u00e9galement \u00e0 classer les infrastructures sportives et \u00e0 d\u00e9finir leurs modes de gestion et d\u2019organisation, en application de la Loi n\u00b02016-029 du 29 juillet 2016 modifi\u00e9e par la Loi n\u00b02021-11 du 14 mai 2021.<\/p>\n<p>\u2010 Projet de d\u00e9cret portant nomination du Pr\u00e9sident du Conseil d\u2019Administration de l\u2019Agence Nationale pour l\u2019Emploi (Techghil).<\/p>\n<p>\u2010 Projet de d\u00e9cret portant application de certaines dispositions de la loi n\u00b0 2022-027 du 12 d\u00e9cembre 2022, portant Code de l\u2019\u00c9lectricit\u00e9.<\/p>\n<p>Ce projet d\u00e9cret met en lumi\u00e8re les missions et obligations de service public des op\u00e9rateurs dans le domaine de l\u2019\u00e9lectricit\u00e9, ainsi que les attributions et pouvoirs de l\u2019autorit\u00e9 de r\u00e9gulation en mati\u00e8re de tarification, de contr\u00f4le, de la continuit\u00e9 et de la qualit\u00e9 du service public. Il d\u00e9finit en particulier les r\u00e8gles d\u2019application des dispositions du Code, concernant les activit\u00e9s du secteur de l\u2019\u00e9lectricit\u00e9.<\/p>\n<p>Le Ministre de l\u2019Autonomisation des Jeunes, de l\u2019Emploi, des Sports et du Service Civique a pr\u00e9sent\u00e9 une communication relative \u00e0 la restructuration des programmes du secteur, au nouveau cadre logique de l\u2019emploi, \u00e0 la redynamisation de la composante jeunesse et sport, au cadrage du service civique au cours des trois derniers mois et les perspectives pour 2025.<\/p>\n<p>La pr\u00e9sente communication vise \u00e0 faciliter l\u2019acc\u00e8s \u00e0 l\u2019emploi, accompagner la cr\u00e9ation d\u2019entreprises par une assistance technique et financi\u00e8re, renforcer l\u2019engagement citoyen de la jeunesse en initiant la mise en place d\u2019un service national civique souple, con\u00e7u pour r\u00e9pondre aux sp\u00e9cificit\u00e9s de notre pays et aux aspirations de notre jeunesse, et la pratique du sport. L\u2019approche int\u00e9gr\u00e9e, port\u00e9e par le d\u00e9partement, repr\u00e9sente la traduction concr\u00e8te des ambitions exprim\u00e9es par Son Excellence le Pr\u00e9sident de la R\u00e9publique dans son programme \u00ab Mon ambition pour la Partie \u00bb.<\/p>\n<p>Le Ministre des Affaires Etrang\u00e8res, de la Coop\u00e9ration Africaine et des Mauritaniens de l\u2019Ext\u00e9rieur a pr\u00e9sent\u00e9 une communication relative \u00e0 la situation internationale.<\/p>\n<p>Le Ministre de l\u2019Int\u00e9rieur, de la Promotion de la D\u00e9centralisation et du D\u00e9veloppement Local a pr\u00e9sent\u00e9 une communication relative \u00e0 la situation int\u00e9rieure.<\/p>\n<p>Le Ministre des Domaines, du Patrimoine de l\u2019Etat et de la R\u00e9forme Fonci\u00e8re a pr\u00e9sent\u00e9 une communication relative \u00e0 une proposition de r\u00e9solutions des probl\u00e8mes fonciers \u00e0 Nouakchott.<\/p>\n<p>Cette communication vise \u00e0 maitriser la situation du foncier \u00e0 Nouakchott, en r\u00e9alisant un recensement destin\u00e9 \u00e0 recueillir des informations sur la propri\u00e9t\u00e9 et les plans de lotissement \u00e0 l\u2019\u00e9chelle de toute la ville. Cette initiative vise \u00e0 cr\u00e9er une base de donn\u00e9es compl\u00e8te et fiable sur la r\u00e9partition des biens fonciers et la structure des lotissements. Elle permettra \u00e9galement la g\u00e9n\u00e9ration des titres de propri\u00e9t\u00e9 s\u00e9curis\u00e9s.<\/p>\n<p>Le Ministre de l\u2019Equipement et des Transports a pr\u00e9sent\u00e9 une communication sur la modernisation et la s\u00e9curisation des Plaques d\u2019immatriculation des v\u00e9hicules automobiles.<\/p>\n<p>Cette communication a pour objet, de pr\u00e9senter un syst\u00e8me de modernisation et de s\u00e9curisation de l\u2019identification des v\u00e9hicules automobiles \u00e0 travers l\u2019introduction de plaques d\u2019immatriculation compatibles avec les syst\u00e8mes de contr\u00f4le num\u00e9ris\u00e9s, qui contribuent \u00e0 renforcer la s\u00e9curit\u00e9 routi\u00e8re, et s\u2019inscrit dans les efforts continus du gouvernement pour r\u00e9guler et faciliter la fluidit\u00e9 du trafic par la gestion intelligente de la circulation.<\/p>\n<p>La mise en vigueur de cette r\u00e9forme se fera progressivement, en commen\u00e7ant par les nouvelles immatriculations et en accordant aux 400.000 v\u00e9hicules, estim\u00e9s en circulation depuis deux (2) ans, la possibilit\u00e9 de changer leurs anciennes plaques d\u2019immatriculation.<\/p>\n<p>Ami<\/p>\n","protected":false},"excerpt":{"rendered":"<p>Le Conseil des Ministres s\u2019est r\u00e9uni le Mercredi 20 novembre 2024, sous la Pr\u00e9sidence de Son Excellence Monsieur Mohamed Ould Cheikh El-Ghazouani, Pr\u00e9sident de la R\u00e9publique. Le Conseil a examin\u00e9 et adopt\u00e9 les projets de d\u00e9crets suivants : \u2010 Projet de d\u00e9cret d\u00e9finissant les Statuts Types des F\u00e9d\u00e9rations Sportives Nationales et fixant les crit\u00e8res de &hellip;<\/p>\n","protected":false},"author":2,"featured_media":12406,"comment_status":"open","ping_status":"open","sticky":false,"template":"","format":"standard","meta":{"footnotes":""},"categories":[18,31],"tags":[],"class_list":["post-12536","post","type-post","status-publish","format-standard","has-post-thumbnail","hentry","category-actualites","category-politique-et-reportages"],"_links":{"self":[{"href":"https:\/\/ladepeche.mr\/index.php?rest_route=\/wp\/v2\/posts\/12536","targetHints":{"allow":["GET"]}}],"collection":[{"href":"https:\/\/ladepeche.mr\/index.php?rest_route=\/wp\/v2\/posts"}],"about":[{"href":"https:\/\/ladepeche.mr\/index.php?rest_route=\/wp\/v2\/types\/post"}],"author":[{"embeddable":true,"href":"https:\/\/ladepeche.mr\/index.php?rest_route=\/wp\/v2\/users\/2"}],"replies":[{"embeddable":true,"href":"https:\/\/ladepeche.mr\/index.php?rest_route=%2Fwp%2Fv2%2Fcomments&post=12536"}],"version-history":[{"count":1,"href":"https:\/\/ladepeche.mr\/index.php?rest_route=\/wp\/v2\/posts\/12536\/revisions"}],"predecessor-version":[{"id":12537,"href":"https:\/\/ladepeche.mr\/index.php?rest_route=\/wp\/v2\/posts\/12536\/revisions\/12537"}],"wp:featuredmedia":[{"embeddable":true,"href":"https:\/\/ladepeche.mr\/index.php?rest_route=\/wp\/v2\/media\/12406"}],"wp:attachment":[{"href":"https:\/\/ladepeche.mr\/index.php?rest_route=%2Fwp%2Fv2%2Fmedia&parent=12536"}],"wp:term":[{"taxonomy":"category","embeddable":true,"href":"https:\/\/ladepeche.mr\/index.php?rest_route=%2Fwp%2Fv2%2Fcategories&post=12536"},{"taxonomy":"post_tag","embeddable":true,"href":"https:\/\/ladepeche.mr\/index.php?rest_route=%2Fwp%2Fv2%2Ftags&post=12536"}],"curies":[{"name":"wp","href":"https:\/\/api.w.org\/{rel}","templated":true}]}}