{"id":12538,"date":"2024-11-21T01:00:28","date_gmt":"2024-11-21T01:00:28","guid":{"rendered":"https:\/\/ladepeche.mr\/?p=12538"},"modified":"2024-11-21T00:24:40","modified_gmt":"2024-11-21T00:24:40","slug":"legislatives-au-senegal-apres-la-victoire-du-pastef-lheure-du-reglement-des-comptes","status":"publish","type":"post","link":"https:\/\/ladepeche.mr\/?p=12538","title":{"rendered":"L\u00e9gislatives au S\u00e9n\u00e9gal : apr\u00e8s la victoire du Pastef, l\u2019heure du r\u00e8glement des comptes ?"},"content":{"rendered":"<div class=\"t-content__above-sidebar\">\n<p class=\"t-content__chapo\">Fort d\u2019une large majorit\u00e9 au Parlement, le gouvernement s\u00e9n\u00e9galais va d\u00e9sormais avoir les coud\u00e9es franches pour mettre en \u0153uvre sa politique de &#8220;rupture&#8221;. Parmi ses priorit\u00e9s figurent l\u2019adoption du budget 2025 et le r\u00e9tablissement des finances publiques, sujet d\u2019un lourd contentieux avec l\u2019ancienne pr\u00e9sidence de Macky Sall.<\/p>\n<\/div>\n<div class=\"t-content__with-sidebar\">\n<div class=\"t-content__beside-sidebar\" data-article-content=\"\">\n<div class=\"t-content__metadata\">\n<div class=\"t-content__dates\">\n<p>L\u2019\u00e9crasante victoire du Pastef se confirme au\u00a0<a class=\"gtm-add-suggested-tag\" href=\"https:\/\/www.france24.com\/fr\/tag\/s%C3%A9n%C3%A9gal\/\" target=\"_self\">S\u00e9n\u00e9gal<\/a>. Le parti au pouvoir est arriv\u00e9 en t\u00eate dans 47 des 54 circonscriptions \u00e9lectorales, selon les r\u00e9sultats officiels provisoires des\u00a0<a href=\"https:\/\/www.france24.com\/fr\/afrique\/20241118-l%C3%A9gislatives-au-s%C3%A9n%C3%A9gal-le-parti-au-pouvoir-revendique-une-large-victoire\" target=\"_self\">\u00e9lections l\u00e9gislatives<\/a>\u00a0publi\u00e9s mardi 19 novembre.<\/p>\n<p>La formation du Premier ministre, Ousmane Sonko, a revendiqu\u00e9 avoir remport\u00e9 80\u00a0% des si\u00e8ges soit 132 d\u00e9put\u00e9s sur les 165 de l\u2019Assembl\u00e9e nationale.<\/p>\n<p>Une tr\u00e8s large majorit\u00e9 qui devrait permettre au nouveau pouvoir de mettre en branle les premi\u00e8res grandes r\u00e9formes du programme de &#8220;rupture&#8221; qui a port\u00e9\u00a0<a class=\"gtm-add-suggested-tag\" href=\"https:\/\/www.france24.com\/fr\/tag\/bassirou-diomaye-faye\/\" target=\"_self\">Bassirou Diomaye Faye<\/a>\u00a0\u00e0 la pr\u00e9sidence, il y a maintenant huit mois.<\/p>\n<p>Pour ce faire, le gouvernement Sonko doit faire voter par la nouvelle Assembl\u00e9e nationale une loi de finance pour l\u2019ann\u00e9e 2025. L\u2019\u00c9tat compte\u00a0<a href=\"https:\/\/www.finances.gouv.sn\/app\/uploads\/667452c6-b894-49ac-ac5c-43a40a2a028a.pdf\" target=\"_blank\" rel=\"noopener\">mobiliser 5<\/a>\u00a0<a href=\"https:\/\/www.finances.gouv.sn\/app\/uploads\/667452c6-b894-49ac-ac5c-43a40a2a028a.pdf\" target=\"_blank\" rel=\"noopener\">677,7 milliards de FCFA<\/a>\u00a0soit une augmentation de la d\u00e9pense publique de 15,5\u00a0% par rapport \u00e0 2024.<\/p>\n<p>Le gouvernement a notamment promis de faciliter l\u2019acc\u00e8s aux soins de sant\u00e9, \u00e9tendre l\u2019\u00e9lectrification \u00e0 l\u2019ensemble du territoire ou bien encore le\u00a0<a href=\"https:\/\/www.france24.com\/fr\/vid%C3%A9o\/20241016-plan-s%C3%A9n%C3%A9gal-2050-le-projet-vise-%C3%A0-d%C3%A9velopper-8-p%C3%B4les-%C3%A9conomiques\" target=\"_self\">renforcement de la formation des jeunes<\/a>, dans ce pays o\u00f9 le ch\u00f4mage avoisine les 23\u00a0%.\u00a0Le\u00a0<a href=\"https:\/\/www.france24.com\/fr\/afrique\/20241014-s%C3%A9n%C3%A9gal-le-gouvernement-pr%C3%A9sente-un-vaste-plan-six-mois-apr%C3%A8s-son-installation\" target=\"_self\">projet du gouvernement<\/a> passe \u00e9galement par une rationalisation des d\u00e9penses et une diminution de la dette. Or depuis plusieurs semaines ce sujet est au c\u0153ur d\u2019un nouveau bras de fer entre l\u2019actuelle et l\u2019ancienne pr\u00e9sidence.<\/p>\n<p>France24<\/p>\n<p>&nbsp;<\/p>\n<\/div>\n<\/div>\n<\/div>\n<\/div>\n","protected":false},"excerpt":{"rendered":"<p>Fort d\u2019une large majorit\u00e9 au Parlement, le gouvernement s\u00e9n\u00e9galais va d\u00e9sormais avoir les coud\u00e9es franches pour mettre en \u0153uvre sa politique de &#8220;rupture&#8221;. Parmi ses priorit\u00e9s figurent l\u2019adoption du budget 2025 et le r\u00e9tablissement des finances publiques, sujet d\u2019un lourd contentieux avec l\u2019ancienne pr\u00e9sidence de Macky Sall. L\u2019\u00e9crasante victoire du Pastef se confirme au\u00a0S\u00e9n\u00e9gal. Le &hellip;<\/p>\n","protected":false},"author":2,"featured_media":12539,"comment_status":"open","ping_status":"open","sticky":false,"template":"","format":"standard","meta":{"footnotes":""},"categories":[18,29],"tags":[],"class_list":["post-12538","post","type-post","status-publish","format-standard","has-post-thumbnail","hentry","category-actualites","category-monde"],"_links":{"self":[{"href":"https:\/\/ladepeche.mr\/index.php?rest_route=\/wp\/v2\/posts\/12538","targetHints":{"allow":["GET"]}}],"collection":[{"href":"https:\/\/ladepeche.mr\/index.php?rest_route=\/wp\/v2\/posts"}],"about":[{"href":"https:\/\/ladepeche.mr\/index.php?rest_route=\/wp\/v2\/types\/post"}],"author":[{"embeddable":true,"href":"https:\/\/ladepeche.mr\/index.php?rest_route=\/wp\/v2\/users\/2"}],"replies":[{"embeddable":true,"href":"https:\/\/ladepeche.mr\/index.php?rest_route=%2Fwp%2Fv2%2Fcomments&post=12538"}],"version-history":[{"count":1,"href":"https:\/\/ladepeche.mr\/index.php?rest_route=\/wp\/v2\/posts\/12538\/revisions"}],"predecessor-version":[{"id":12540,"href":"https:\/\/ladepeche.mr\/index.php?rest_route=\/wp\/v2\/posts\/12538\/revisions\/12540"}],"wp:featuredmedia":[{"embeddable":true,"href":"https:\/\/ladepeche.mr\/index.php?rest_route=\/wp\/v2\/media\/12539"}],"wp:attachment":[{"href":"https:\/\/ladepeche.mr\/index.php?rest_route=%2Fwp%2Fv2%2Fmedia&parent=12538"}],"wp:term":[{"taxonomy":"category","embeddable":true,"href":"https:\/\/ladepeche.mr\/index.php?rest_route=%2Fwp%2Fv2%2Fcategories&post=12538"},{"taxonomy":"post_tag","embeddable":true,"href":"https:\/\/ladepeche.mr\/index.php?rest_route=%2Fwp%2Fv2%2Ftags&post=12538"}],"curies":[{"name":"wp","href":"https:\/\/api.w.org\/{rel}","templated":true}]}}