{"id":12541,"date":"2024-11-21T09:08:58","date_gmt":"2024-11-21T09:08:58","guid":{"rendered":"https:\/\/ladepeche.mr\/?p=12541"},"modified":"2024-11-21T01:19:41","modified_gmt":"2024-11-21T01:19:41","slug":"telephonie-les-sanctions-pas-si-dissuasives","status":"publish","type":"post","link":"https:\/\/ladepeche.mr\/?p=12541","title":{"rendered":"T\u00e9l\u00e9phonie\u00a0: Les sanctions pas si dissuasives que \u00e7a!"},"content":{"rendered":"<p>Les sanctions de l\u2019Autorit\u00e9 de R\u00e9gulation (ARE) ne semblent pas convaincre les op\u00e9rateurs de t\u00e9l\u00e9phonie de respecter leurs obligations consign\u00e9es dans les cahiers de charge. Les trois op\u00e9rateurs semblent m\u00eame faire fi des menaces de sanctions que brandissent les autorit\u00e9s \u00e0 leur encontre.<\/p>\n<p>L\u2019imperfection des services est telle que le premier Ministre, Ould Diay est descendu dans l\u2019ar\u00e8ne, en septembre 2024, pour rappeler le s\u00e9rieux de l\u2019exigence de qualit\u00e9 des services des op\u00e9rateurs de t\u00e9l\u00e9phonie et le risque de se voir appliquer des p\u00e9nalit\u00e9s encore plus importantes afin de les amener \u00e0 respecter l\u2019exigence de qualit\u00e9 des appels (MOS) et celles des donn\u00e9es mobiles de connexion au web.<\/p>\n<p>Les autorit\u00e9s publiques avaient m\u00eame menac\u00e9, en cas de persistance des d\u00e9faillances constat\u00e9es, de leur appliquer des p\u00e9nalit\u00e9s pouvant atteindre 5% du chiffre d\u2019affaires voire \u00e9laguer de trois mois les d\u00e9lais des licences attribu\u00e9es.<\/p>\n<p>Mais apparemment, ces menaces n&#8217;inqui\u00e8tent pas les op\u00e9rateurs qui continuent \u00e0 fournir un service de pi\u00e8tre qualit\u00e9 et surtout \u00e0 ne pas observer les exigences que leur renouvelle, \u00e0 chaque fois, l&#8217;ARE. Attendons donc de voir comment l&#8217;ARE va s\u00e9vir contre les op\u00e9rateurs incrimin\u00e9s.<\/p>\n<p>En Mauritanie, rappelle-t-on, le taux de p\u00e9n\u00e9tration du mobile avait d\u00e9pass\u00e9, en 2020, les 5 millions d&#8217;abonn\u00e9s mobiles actifs, selon des sources citant l&#8217;ARE. Celle-ci, rattach\u00e9e \u00e0 la primature, est charg\u00e9e de r\u00e9glementer les services de communications \u00e9lectroniques, d&#8217;eau et d&#8217;\u00e9lectricit\u00e9 en garantissant une concurrence loyale et la protection des int\u00e9r\u00eats des consommateurs.<\/p>\n<div class=\"g\">\n<div lang=\"fr\" data-hveid=\"CB8QAA\" data-ved=\"2ahUKEwjoo7Son-yJAxUOQ6QEHXU1PN8QFSgAegQIHxAA\">\n<div class=\"tF2Cxc\">\n<div class=\"yuRUbf\"><\/div>\n<\/div>\n<\/div>\n<\/div>\n","protected":false},"excerpt":{"rendered":"<p>Les sanctions de l\u2019Autorit\u00e9 de R\u00e9gulation (ARE) ne semblent pas convaincre les op\u00e9rateurs de t\u00e9l\u00e9phonie de respecter leurs obligations consign\u00e9es dans les cahiers de charge. Les trois op\u00e9rateurs semblent m\u00eame faire fi des menaces de sanctions que brandissent les autorit\u00e9s \u00e0 leur encontre. L\u2019imperfection des services est telle que le premier Ministre, Ould Diay est &hellip;<\/p>\n","protected":false},"author":2,"featured_media":12542,"comment_status":"open","ping_status":"open","sticky":false,"template":"","format":"standard","meta":{"footnotes":""},"categories":[18,2],"tags":[],"class_list":["post-12541","post","type-post","status-publish","format-standard","has-post-thumbnail","hentry","category-actualites","category-economie"],"_links":{"self":[{"href":"https:\/\/ladepeche.mr\/index.php?rest_route=\/wp\/v2\/posts\/12541","targetHints":{"allow":["GET"]}}],"collection":[{"href":"https:\/\/ladepeche.mr\/index.php?rest_route=\/wp\/v2\/posts"}],"about":[{"href":"https:\/\/ladepeche.mr\/index.php?rest_route=\/wp\/v2\/types\/post"}],"author":[{"embeddable":true,"href":"https:\/\/ladepeche.mr\/index.php?rest_route=\/wp\/v2\/users\/2"}],"replies":[{"embeddable":true,"href":"https:\/\/ladepeche.mr\/index.php?rest_route=%2Fwp%2Fv2%2Fcomments&post=12541"}],"version-history":[{"count":4,"href":"https:\/\/ladepeche.mr\/index.php?rest_route=\/wp\/v2\/posts\/12541\/revisions"}],"predecessor-version":[{"id":12546,"href":"https:\/\/ladepeche.mr\/index.php?rest_route=\/wp\/v2\/posts\/12541\/revisions\/12546"}],"wp:featuredmedia":[{"embeddable":true,"href":"https:\/\/ladepeche.mr\/index.php?rest_route=\/wp\/v2\/media\/12542"}],"wp:attachment":[{"href":"https:\/\/ladepeche.mr\/index.php?rest_route=%2Fwp%2Fv2%2Fmedia&parent=12541"}],"wp:term":[{"taxonomy":"category","embeddable":true,"href":"https:\/\/ladepeche.mr\/index.php?rest_route=%2Fwp%2Fv2%2Fcategories&post=12541"},{"taxonomy":"post_tag","embeddable":true,"href":"https:\/\/ladepeche.mr\/index.php?rest_route=%2Fwp%2Fv2%2Ftags&post=12541"}],"curies":[{"name":"wp","href":"https:\/\/api.w.org\/{rel}","templated":true}]}}