{"id":12550,"date":"2024-11-21T12:05:59","date_gmt":"2024-11-21T12:05:59","guid":{"rendered":"https:\/\/ladepeche.mr\/?p=12550"},"modified":"2024-11-21T12:05:59","modified_gmt":"2024-11-21T12:05:59","slug":"decret-presidentiel-portant-nomination-des-membres-du-mecanisme-national-de-prevention-de-la-torture","status":"publish","type":"post","link":"https:\/\/ladepeche.mr\/?p=12550","title":{"rendered":"D\u00e9cret pr\u00e9sidentiel portant nomination des membres du M\u00e9canisme national de pr\u00e9vention de la torture"},"content":{"rendered":"<p>La pr\u00e9sidence de la R\u00e9publique a annonc\u00e9 que, par d\u00e9cret publi\u00e9 aujourd\u2019hui, les membres du m\u00e9canisme national de pr\u00e9vention de la torture ont \u00e9t\u00e9 nomm\u00e9s comme suit :<\/p>\n<p>1 \u2013 Les membres appartenant au corps national des m\u00e9decins :<\/p>\n<p>\u2013 Mari\u00e8me Sidatt<\/p>\n<p>\u2013 Aiche Biha<\/p>\n<p>2 \u2013 Membres appartenant \u00e0 l\u2019ordre national des avocats :<\/p>\n<p>\u2013 Ly Sidou<\/p>\n<p>\u2013 Mohamed Mohamed Saleck<\/p>\n<p>3 \u2013 Personnalit\u00e9s ind\u00e9pendantes :<\/p>\n<p>\u2013 Dah Khtour<\/p>\n<p>\u2013 Ba Hamadi<\/p>\n<p>4 \u2013 Membres issus d\u2019organisations non gouvernementales nationales \u0153uvrant dans le domaine des droits de l\u2019homme :<\/p>\n<p>\u2013 Oumoulkhairi Kane<\/p>\n<p>\u2013 Mari\u00e8me Vadhel Khyar<\/p>\n<p>\u2013 Ezid Bih Dah<\/p>\n<p>\u2013 Ayeli Abed<\/p>\n<p>\u2013 Obeid Imijine<\/p>\n<p>5 \u2013 Le membre appartenant au corps des professeurs d\u2019universit\u00e9 :<\/p>\n<p>\u2013 Sidi Mohamed Sid Be.<\/p>\n<p>Ami<\/p>\n","protected":false},"excerpt":{"rendered":"<p>La pr\u00e9sidence de la R\u00e9publique a annonc\u00e9 que, par d\u00e9cret publi\u00e9 aujourd\u2019hui, les membres du m\u00e9canisme national de pr\u00e9vention de la torture ont \u00e9t\u00e9 nomm\u00e9s comme suit : 1 \u2013 Les membres appartenant au corps national des m\u00e9decins : \u2013 Mari\u00e8me Sidatt \u2013 Aiche Biha 2 \u2013 Membres appartenant \u00e0 l\u2019ordre national des avocats : &hellip;<\/p>\n","protected":false},"author":2,"featured_media":9371,"comment_status":"open","ping_status":"open","sticky":false,"template":"","format":"standard","meta":{"footnotes":""},"categories":[18],"tags":[],"class_list":["post-12550","post","type-post","status-publish","format-standard","has-post-thumbnail","hentry","category-actualites"],"_links":{"self":[{"href":"https:\/\/ladepeche.mr\/index.php?rest_route=\/wp\/v2\/posts\/12550","targetHints":{"allow":["GET"]}}],"collection":[{"href":"https:\/\/ladepeche.mr\/index.php?rest_route=\/wp\/v2\/posts"}],"about":[{"href":"https:\/\/ladepeche.mr\/index.php?rest_route=\/wp\/v2\/types\/post"}],"author":[{"embeddable":true,"href":"https:\/\/ladepeche.mr\/index.php?rest_route=\/wp\/v2\/users\/2"}],"replies":[{"embeddable":true,"href":"https:\/\/ladepeche.mr\/index.php?rest_route=%2Fwp%2Fv2%2Fcomments&post=12550"}],"version-history":[{"count":1,"href":"https:\/\/ladepeche.mr\/index.php?rest_route=\/wp\/v2\/posts\/12550\/revisions"}],"predecessor-version":[{"id":12551,"href":"https:\/\/ladepeche.mr\/index.php?rest_route=\/wp\/v2\/posts\/12550\/revisions\/12551"}],"wp:featuredmedia":[{"embeddable":true,"href":"https:\/\/ladepeche.mr\/index.php?rest_route=\/wp\/v2\/media\/9371"}],"wp:attachment":[{"href":"https:\/\/ladepeche.mr\/index.php?rest_route=%2Fwp%2Fv2%2Fmedia&parent=12550"}],"wp:term":[{"taxonomy":"category","embeddable":true,"href":"https:\/\/ladepeche.mr\/index.php?rest_route=%2Fwp%2Fv2%2Fcategories&post=12550"},{"taxonomy":"post_tag","embeddable":true,"href":"https:\/\/ladepeche.mr\/index.php?rest_route=%2Fwp%2Fv2%2Ftags&post=12550"}],"curies":[{"name":"wp","href":"https:\/\/api.w.org\/{rel}","templated":true}]}}