{"id":12552,"date":"2024-11-21T12:12:39","date_gmt":"2024-11-21T12:12:39","guid":{"rendered":"https:\/\/ladepeche.mr\/?p=12552"},"modified":"2024-11-21T12:12:39","modified_gmt":"2024-11-21T12:12:39","slug":"algerie-le-president-tebboune-opere-un-remaniement-ministeriel","status":"publish","type":"post","link":"https:\/\/ladepeche.mr\/?p=12552","title":{"rendered":"Alg\u00e9rie : Le pr\u00e9sident Tebboune op\u00e8re un remaniement minist\u00e9riel"},"content":{"rendered":"<p>Le pr\u00e9sident alg\u00e9rien, Abdelmadjid Tebboune, a op\u00e9r\u00e9, ce lundi, un remaniement minist\u00e9riel qui a concern\u00e9 plusieurs d\u00e9partements. Selon un communiqu\u00e9 de la Pr\u00e9sidence alg\u00e9rienne, le chef de l&#8217;Etat a re\u00e7u, en fin d&#8217;apr\u00e8s-midi, le Premier ministre, Nadir Larbaoui qui lui a pr\u00e9sent\u00e9 \u00ab la d\u00e9mission de son gouvernement \u00bb.<\/p>\n<p>Selon la m\u00eame source, Abdelmadjid Tebboune \u00ab a accept\u00e9 la d\u00e9mission de l&#8217;ex\u00e9cutif \u00bb, mais \u00ab a reconduit Nadir Larbaoui, en lui demandant de poursuivre ses missions \u00bb. La pr\u00e9sidence alg\u00e9rienne a annonc\u00e9, par la suite, la liste du nouveau gouvernement, marqu\u00e9e par la nomination du chef d&#8217;\u00e9tat-major, le g\u00e9n\u00e9ral Said Chengriha, au poste de ministre d\u00e9l\u00e9gu\u00e9 \u00e0 la D\u00e9fense nationale.<\/p>\n<p>Le changement a concern\u00e9 aussi les minist\u00e8res de la Justice et de l&#8217;Industrie. Les d\u00e9partements de la Communication, de l&#8217;Education, des Transports, de la Solidarit\u00e9 et de l&#8217;Environnement ont \u00e9t\u00e9 \u00e9galement concern\u00e9s par les changements. Le pr\u00e9sident Tebboune a, en revanche, maintenu les ministres des Affaires \u00e9trang\u00e8res, Ahmed Attaf, de l&#8217;Int\u00e9rieur, Brahim Merad et de l&#8217;Energie, Mohamed Arkab, qui conservent leurs portefeuilles.<\/p>\n<p>Le pr\u00e9sident de la F\u00e9d\u00e9ration Alg\u00e9rienne de Football (FAF), Walid Sadi, a \u00e9t\u00e9, de son c\u00f4t\u00e9, nomm\u00e9 ministre des Sports. Le portefeuille du Commerce a \u00e9t\u00e9 scind\u00e9 en deux : Commerce interne, Tayeb Zitouni, et Commerce ext\u00e9rieur avec promotion des exportations, Mohamed Boukhari. Les minist\u00e8res de la P\u00eache et l&#8217;Agriculture ont \u00e9t\u00e9 jumel\u00e9s et font d\u00e9sormais partie du m\u00eame minist\u00e8re avec \u00e0 sa t\u00eate Youcef Chorfa.<\/p>\n<p>Pour rappel, le pr\u00e9sident Abdelmadjid Tebboune a annonc\u00e9, d\u00e9but octobre dernier, sa volont\u00e9 de proc\u00e9der \u00e0 un \u00ab remaniement du gouvernement avant la fin de l&#8217;ann\u00e9e en cours \u00bb. Il avait \u00e9galement pr\u00e9cis\u00e9 qu&#8217;il \u00e9tait \u00e0 la recherche \u00ab des meilleures comp\u00e9tences que compte l\u2019Alg\u00e9rie \u00bb.<\/p>\n<p>aa.com.tr<\/p>\n","protected":false},"excerpt":{"rendered":"<p>Le pr\u00e9sident alg\u00e9rien, Abdelmadjid Tebboune, a op\u00e9r\u00e9, ce lundi, un remaniement minist\u00e9riel qui a concern\u00e9 plusieurs d\u00e9partements. Selon un communiqu\u00e9 de la Pr\u00e9sidence alg\u00e9rienne, le chef de l&#8217;Etat a re\u00e7u, en fin d&#8217;apr\u00e8s-midi, le Premier ministre, Nadir Larbaoui qui lui a pr\u00e9sent\u00e9 \u00ab la d\u00e9mission de son gouvernement \u00bb. Selon la m\u00eame source, Abdelmadjid Tebboune &hellip;<\/p>\n","protected":false},"author":2,"featured_media":12553,"comment_status":"open","ping_status":"open","sticky":false,"template":"","format":"standard","meta":{"footnotes":""},"categories":[18,29],"tags":[],"class_list":["post-12552","post","type-post","status-publish","format-standard","has-post-thumbnail","hentry","category-actualites","category-monde"],"_links":{"self":[{"href":"https:\/\/ladepeche.mr\/index.php?rest_route=\/wp\/v2\/posts\/12552","targetHints":{"allow":["GET"]}}],"collection":[{"href":"https:\/\/ladepeche.mr\/index.php?rest_route=\/wp\/v2\/posts"}],"about":[{"href":"https:\/\/ladepeche.mr\/index.php?rest_route=\/wp\/v2\/types\/post"}],"author":[{"embeddable":true,"href":"https:\/\/ladepeche.mr\/index.php?rest_route=\/wp\/v2\/users\/2"}],"replies":[{"embeddable":true,"href":"https:\/\/ladepeche.mr\/index.php?rest_route=%2Fwp%2Fv2%2Fcomments&post=12552"}],"version-history":[{"count":1,"href":"https:\/\/ladepeche.mr\/index.php?rest_route=\/wp\/v2\/posts\/12552\/revisions"}],"predecessor-version":[{"id":12554,"href":"https:\/\/ladepeche.mr\/index.php?rest_route=\/wp\/v2\/posts\/12552\/revisions\/12554"}],"wp:featuredmedia":[{"embeddable":true,"href":"https:\/\/ladepeche.mr\/index.php?rest_route=\/wp\/v2\/media\/12553"}],"wp:attachment":[{"href":"https:\/\/ladepeche.mr\/index.php?rest_route=%2Fwp%2Fv2%2Fmedia&parent=12552"}],"wp:term":[{"taxonomy":"category","embeddable":true,"href":"https:\/\/ladepeche.mr\/index.php?rest_route=%2Fwp%2Fv2%2Fcategories&post=12552"},{"taxonomy":"post_tag","embeddable":true,"href":"https:\/\/ladepeche.mr\/index.php?rest_route=%2Fwp%2Fv2%2Ftags&post=12552"}],"curies":[{"name":"wp","href":"https:\/\/api.w.org\/{rel}","templated":true}]}}