{"id":12558,"date":"2024-11-21T17:39:16","date_gmt":"2024-11-21T17:39:16","guid":{"rendered":"https:\/\/ladepeche.mr\/?p=12558"},"modified":"2024-11-21T17:39:16","modified_gmt":"2024-11-21T17:39:16","slug":"netanyahu-et-gallant-vises-par-des-mandats-darret-de-la-cpi-pour-crimes-de-guerre-et-crimes-contre-lhumanite","status":"publish","type":"post","link":"https:\/\/ladepeche.mr\/?p=12558","title":{"rendered":"Netanyahu et Gallant vis\u00e9s par des mandats d\u2019arr\u00eat de la CPI pour crimes de guerre et crimes contre l\u2019humanit\u00e9"},"content":{"rendered":"<div class=\"t-content__above-sidebar\">\n<p class=\"asset asset-text\">INTERNATIONAL &#8211; La CPI hausse le ton.\u00a0Pr\u00e8s de cinq mois apr\u00e8s les r\u00e9quisitions du procureur de la CPI Karim Khan contre\u00a0<a href=\"https:\/\/www.huffingtonpost.fr\/international\/article\/israel-la-maison-de-benjamin-netanyahu-visee-par-des-fusees-eclairantes-trois-suspects-arretes_242332.html\">le Premier ministre isra\u00e9lien Benjamin Netanyahu<\/a>\u00a0et les dirigeants du Hamas dans le cadre de la guerre \u00e0 Gaza, la Cour p\u00e9nale internationale a suivi ses recommandations en \u00e9mettant officiellement des\u00a0<a href=\"https:\/\/www.huffingtonpost.fr\/international\/article\/guerre-israel-hamas-un-mandat-d-arret-contre-benjamin-netanyahu-reclame-par-le-procureur-de-la-cpi_234174.html\">mandats d\u2019arr\u00eats contre le leader isra\u00e9lien<\/a>. Mais pas uniquement.<\/p>\n<div class=\"a-see-also margin-bottom-lg \">\n<div class=\"a-see-also__header\">\n<p class=\"asset asset-text\">La CPI a \u00e9galement annonc\u00e9 ce jeudi 21\u00a0novembre qu\u2019elle \u00e9mettait des\u00a0<a href=\"https:\/\/www.huffingtonpost.fr\/international\/video\/guerre-en-ukraine-vladimir-poutine-est-en-mongolie-qui-ne-respecte-pas-le-mandat-d-arret-contre-le-president-russe_239090.html\">mandats d\u2019arr\u00eat<\/a>\u00a0contre l\u2019ex-ministre isra\u00e9lien de la d\u00e9fense\u00a0<a href=\"https:\/\/www.huffingtonpost.fr\/international\/article\/israel-netanyahu-limoge-yoav-gallant-son-ministre-de-la-defense-pilier-de-la-guerre-a-gaza_241830.html\">Yoav Gallant<\/a>\u00a0\u2212bien qu\u2019il ne soit plus en poste depuis le 5\u00a0novembre \u2212 et contre le chef de la branche arm\u00e9e du Hamas,\u00a0<a href=\"https:\/\/www.huffingtonpost.fr\/international\/article\/israel-annonce-avoir-elimine-un-autre-dirigeant-du-hamas-mohammed-deif-dans-des-frappes-a-gaza_237790.html\">Mohammed Deif<\/a>.<\/p>\n<div class=\"ads ads-inreadArticle\">\n<div class=\"ads-content ads-placeholder\" data-related-slot=\"inread_top\">\n<div id=\"inread_top\" class=\"dfp-slot adm-ad-empty\" data-format=\"inread_top\" aria-hidden=\"true\" data-has-placeholder=\"1\" data-google-query-id=\"COvRvqv67YkDFZlJHQkdPYQTUw\">\n<p class=\"asset asset-text\">Dans deux communiqu\u00e9s distincts,\u00a0<a title=\"Nouvelle fen\u00eatre\" href=\"https:\/\/www.icc-cpi.int\/news\/situation-state-palestine-icc-pre-trial-chamber-i-rejects-state-israels-challenges\" target=\"_blank\" rel=\"noopener\">l\u2019un d\u00e9di\u00e9 aux deux dirigeants isra\u00e9liens<\/a>,\u00a0<a title=\"Nouvelle fen\u00eatre\" href=\"https:\/\/www.icc-cpi.int\/news\/situation-state-palestine-icc-pre-trial-chamber-i-issues-warrant-arrest-mohammed-diab-ibrahim\" target=\"_blank\" rel=\"noopener\">l\u2019autre pour celui du Hamas<\/a>, la\u00a0juridiction\u00a0p\u00e9nale internationale \u00e9voque des \u00ab\u00a0<em>crimes contre l\u2019humanit\u00e9 et crimes de guerre commis au moins \u00e0 partir du 8\u00a0octobre\u00a02023 jusqu\u2019au 20\u00a0mai\u00a02024 au moins, jour o\u00f9 l\u2019accusation a d\u00e9pos\u00e9 les demandes de mandats d\u2019arr\u00eat\u00a0\u00bb<\/em>. Ce qui avait particuli\u00e8rement heurt\u00e9 Isra\u00ebl et les dirigeants du Hamas, l\u2019\u00c9tat h\u00e9breu \u00e9voquant un \u00ab\u00a0<em>d\u00e9shonneur historique de la CPI<\/em>\u00a0\u00bb, quand le mouvement islamiste palestinien d\u00e9non\u00e7ait une \u00ab\u00a0<em>assimilation entre victime et bourreau\u00a0\u00bb.<\/em><\/p>\n<p class=\"asset asset-text\">Les mandats d\u2019arr\u00eat ont \u00e9t\u00e9 class\u00e9s\u00a0<em>\u00ab\u00a0secrets\u00a0\u00bb<\/em>, afin de prot\u00e9ger les t\u00e9moins et de garantir la conduite des enqu\u00eates, a pr\u00e9cis\u00e9 la Cour. Mais\u00a0<em>\u00ab\u00a0la chambre consid\u00e8re qu\u2019il est dans l\u2019int\u00e9r\u00eat des victimes et de leurs familles qu\u2019elles soient inform\u00e9es de l\u2019existence des mandats\u00a0\u00bb<\/em>, a-t-elle expliqu\u00e9.<\/p>\n<p>Lire la suite sur https:\/\/www.huffingtonpost.fr\/international\/article\/netanyahu-et-gallant-vises-par-des-mandats-d-arret-de-la-cpi-pour-crimes-de-guerre-et-crimes-contre-l-humanite_242554.html<\/p>\n<p>Photo web<\/p>\n<\/div>\n<\/div>\n<\/div>\n<\/div>\n<\/div>\n<\/div>\n<div class=\"t-content__with-sidebar\">\n<div class=\"t-content__beside-sidebar\" data-article-content=\"\">\n<div class=\"t-content__metadata\">\n<div class=\"t-content__dates\">\n<p class=\"m-pub-dates\">\n<\/div>\n<\/div>\n<\/div>\n<\/div>\n","protected":false},"excerpt":{"rendered":"<p>INTERNATIONAL &#8211; La CPI hausse le ton.\u00a0Pr\u00e8s de cinq mois apr\u00e8s les r\u00e9quisitions du procureur de la CPI Karim Khan contre\u00a0le Premier ministre isra\u00e9lien Benjamin Netanyahu\u00a0et les dirigeants du Hamas dans le cadre de la guerre \u00e0 Gaza, la Cour p\u00e9nale internationale a suivi ses recommandations en \u00e9mettant officiellement des\u00a0mandats d\u2019arr\u00eats contre le leader isra\u00e9lien. &hellip;<\/p>\n","protected":false},"author":2,"featured_media":12559,"comment_status":"open","ping_status":"open","sticky":false,"template":"","format":"standard","meta":{"footnotes":""},"categories":[18,29],"tags":[],"class_list":["post-12558","post","type-post","status-publish","format-standard","has-post-thumbnail","hentry","category-actualites","category-monde"],"_links":{"self":[{"href":"https:\/\/ladepeche.mr\/index.php?rest_route=\/wp\/v2\/posts\/12558","targetHints":{"allow":["GET"]}}],"collection":[{"href":"https:\/\/ladepeche.mr\/index.php?rest_route=\/wp\/v2\/posts"}],"about":[{"href":"https:\/\/ladepeche.mr\/index.php?rest_route=\/wp\/v2\/types\/post"}],"author":[{"embeddable":true,"href":"https:\/\/ladepeche.mr\/index.php?rest_route=\/wp\/v2\/users\/2"}],"replies":[{"embeddable":true,"href":"https:\/\/ladepeche.mr\/index.php?rest_route=%2Fwp%2Fv2%2Fcomments&post=12558"}],"version-history":[{"count":1,"href":"https:\/\/ladepeche.mr\/index.php?rest_route=\/wp\/v2\/posts\/12558\/revisions"}],"predecessor-version":[{"id":12560,"href":"https:\/\/ladepeche.mr\/index.php?rest_route=\/wp\/v2\/posts\/12558\/revisions\/12560"}],"wp:featuredmedia":[{"embeddable":true,"href":"https:\/\/ladepeche.mr\/index.php?rest_route=\/wp\/v2\/media\/12559"}],"wp:attachment":[{"href":"https:\/\/ladepeche.mr\/index.php?rest_route=%2Fwp%2Fv2%2Fmedia&parent=12558"}],"wp:term":[{"taxonomy":"category","embeddable":true,"href":"https:\/\/ladepeche.mr\/index.php?rest_route=%2Fwp%2Fv2%2Fcategories&post=12558"},{"taxonomy":"post_tag","embeddable":true,"href":"https:\/\/ladepeche.mr\/index.php?rest_route=%2Fwp%2Fv2%2Ftags&post=12558"}],"curies":[{"name":"wp","href":"https:\/\/api.w.org\/{rel}","templated":true}]}}