{"id":12569,"date":"2024-11-21T22:03:10","date_gmt":"2024-11-21T22:03:10","guid":{"rendered":"https:\/\/ladepeche.mr\/?p=12569"},"modified":"2024-11-21T22:03:10","modified_gmt":"2024-11-21T22:03:10","slug":"josep-borrell-le-mandat-darret-emis-par-la-cpi-doit-etre-respecte-et-mis-en-oeuvre","status":"publish","type":"post","link":"https:\/\/ladepeche.mr\/?p=12569","title":{"rendered":"Josep Borrell: Le mandat d&#8217;arr\u00eat \u00e9mis par la CPI doit \u00eatre respect\u00e9 et mis en \u0153uvre"},"content":{"rendered":"<h4>Le haut repr\u00e9sentant de l&#8217;Union europ\u00e9enne (UE) pour les Affaires \u00e9trang\u00e8res et la politique de s\u00e9curit\u00e9 s&#8217;est exprim\u00e9 au sujet du mandat d&#8217;arr\u00eat \u00e9mis contre Netanyahu et Gallant.<\/h4>\n<p>\u00ab Le mandat d&#8217;arr\u00eat \u00e9mis par la Cour p\u00e9nale internationale (CPI) \u00e0 l&#8217;encontre du Premier ministre isra\u00e9lien Benjamin Netanyahu et de l&#8217;ancien ministre de la D\u00e9fense, Yoav Gallant doit \u00eatre respect\u00e9 et mis en \u0153uvre \u00bb, a sugg\u00e9r\u00e9 le haut repr\u00e9sentant de l&#8217;Union europ\u00e9enne (UE) pour les Affaires \u00e9trang\u00e8res et la politique de s\u00e9curit\u00e9, Josep Borrell.<\/p>\n<p>Borrell s\u2019est exprim\u00e9 jeudi depuis la Jordanie, au sujet de la d\u00e9cision de la CPI d&#8217;\u00e9mettre un mandat d&#8217;arr\u00eat \u00e0 l&#8217;encontre Netanyahu et Gallant.<\/p>\n<p>\u00ab La d\u00e9cision de la Cour doit \u00eatre respect\u00e9e et mise en \u0153uvre \u00bb a d\u00e9clar\u00e9 Borell qui a insist\u00e9 sur le fait que cette d\u00e9cision n&#8217;\u00e9tait pas politique.<\/p>\n<p>Il a, en outre, appel\u00e9 tous les pays membres de la Cour, y compris l&#8217;UE, \u00e0 mettre en \u0153uvre cette d\u00e9cision.<\/p>\n<p>La CPI a \u00e9mis jeudi 21 novembre 2024 des mandats d\u2019arr\u00eat pour &#8220;crimes contre l&#8217;humanit\u00e9 et crimes de guerre&#8221; \u00e0 l\u2019encontre de Netanyahu et de Gallant ainsi que le chef de la branche arm\u00e9e du Hamas, Mohammed Deif.<\/p>\n<p>N&#8217;importe lequel des 124 \u00c9tats membres de la cour est dans l\u2019obligation d\u2019ex\u00e9cuter les mandats, ce qui limite les d\u00e9placements des personnes vis\u00e9es.<\/p>\n<p>Selon le dernier bilan, 44.056 personnes sont mortes dans les attaques men\u00e9es par Isra\u00ebl \u00e0 Gaza depuis maintenant plus d\u2019une ann\u00e9e.<\/p>\n<p>aa.com.tr<\/p>\n<div class=\"row\"><\/div>\n","protected":false},"excerpt":{"rendered":"<p>Le haut repr\u00e9sentant de l&#8217;Union europ\u00e9enne (UE) pour les Affaires \u00e9trang\u00e8res et la politique de s\u00e9curit\u00e9 s&#8217;est exprim\u00e9 au sujet du mandat d&#8217;arr\u00eat \u00e9mis contre Netanyahu et Gallant. \u00ab Le mandat d&#8217;arr\u00eat \u00e9mis par la Cour p\u00e9nale internationale (CPI) \u00e0 l&#8217;encontre du Premier ministre isra\u00e9lien Benjamin Netanyahu et de l&#8217;ancien ministre de la D\u00e9fense, Yoav &hellip;<\/p>\n","protected":false},"author":2,"featured_media":12570,"comment_status":"open","ping_status":"open","sticky":false,"template":"","format":"standard","meta":{"footnotes":""},"categories":[18,29],"tags":[],"class_list":["post-12569","post","type-post","status-publish","format-standard","has-post-thumbnail","hentry","category-actualites","category-monde"],"_links":{"self":[{"href":"https:\/\/ladepeche.mr\/index.php?rest_route=\/wp\/v2\/posts\/12569","targetHints":{"allow":["GET"]}}],"collection":[{"href":"https:\/\/ladepeche.mr\/index.php?rest_route=\/wp\/v2\/posts"}],"about":[{"href":"https:\/\/ladepeche.mr\/index.php?rest_route=\/wp\/v2\/types\/post"}],"author":[{"embeddable":true,"href":"https:\/\/ladepeche.mr\/index.php?rest_route=\/wp\/v2\/users\/2"}],"replies":[{"embeddable":true,"href":"https:\/\/ladepeche.mr\/index.php?rest_route=%2Fwp%2Fv2%2Fcomments&post=12569"}],"version-history":[{"count":1,"href":"https:\/\/ladepeche.mr\/index.php?rest_route=\/wp\/v2\/posts\/12569\/revisions"}],"predecessor-version":[{"id":12571,"href":"https:\/\/ladepeche.mr\/index.php?rest_route=\/wp\/v2\/posts\/12569\/revisions\/12571"}],"wp:featuredmedia":[{"embeddable":true,"href":"https:\/\/ladepeche.mr\/index.php?rest_route=\/wp\/v2\/media\/12570"}],"wp:attachment":[{"href":"https:\/\/ladepeche.mr\/index.php?rest_route=%2Fwp%2Fv2%2Fmedia&parent=12569"}],"wp:term":[{"taxonomy":"category","embeddable":true,"href":"https:\/\/ladepeche.mr\/index.php?rest_route=%2Fwp%2Fv2%2Fcategories&post=12569"},{"taxonomy":"post_tag","embeddable":true,"href":"https:\/\/ladepeche.mr\/index.php?rest_route=%2Fwp%2Fv2%2Ftags&post=12569"}],"curies":[{"name":"wp","href":"https:\/\/api.w.org\/{rel}","templated":true}]}}